{"id":26569,"date":"2023-11-06T12:30:00","date_gmt":"2023-11-06T17:30:00","guid":{"rendered":"https:\/\/www.unica.edu.pe\/noticias\/?p=26569"},"modified":"2023-11-09T10:05:11","modified_gmt":"2023-11-09T15:05:11","slug":"nota-de-prensa-2","status":"publish","type":"post","link":"https:\/\/www.unica.edu.pe\/noticias\/2023\/11\/06\/nota-de-prensa-2\/","title":{"rendered":"Nota de Prensa"},"content":{"rendered":"\n<p><a href=\"https:\/\/www.facebook.com\/hashtag\/notadeprensa?__eep__=6&amp;__cft__[0]=AZWiGXlJasuWNf4ZzX7-VYW1JYyfufOI3gzR9JMDqQIjYkHyLmDrkm_jwSlAMbvrFCYcT_Vy2DK_tASKozF5x9aUFkJtp2BmCsSVeEXiDwh8NGsnDdWVrZ_SMOySfke1PsMTgtdvSaYf59Jaxv2MQBQC9eCQnD4aT_UXDHrkZZ0FsXGNfF1VpfwPeZeSD-Ktyjo&amp;__tn__=*NK-R\">#NotadePrensa<\/a> | La UNICA a trav\u00e9s del Centro de Estudios Pre Universitario, CEPU, en alianza con la Gerencia de Desarrollo Social de la Municipalidad Provincial de Ica, realizar\u00e1 un MINI CICLO ACAD\u00c9MICO DE NIVELACI\u00d3N, del 20 de noviembre al 16 de diciembre de 2023.<\/p>\n\n\n\n<p>El rector Dr. Jorge Eduardo Moreno Legua y el alcalde Ing. Carlos Reyes Roque, solidariamente ofrecen esta oportunidad para fortalecer y mejorar la formaci\u00f3n de los j\u00f3venes estudiantes.<\/p>\n\n\n\n<p>El ciclo est\u00e1 dirigido a <a><\/a>j\u00f3venes con clasificaci\u00f3n socioecon\u00f3mica pobre y pobre extremo, que cursan el quinto de secundaria y los que hayan egresado en el 2021 y 2022.<\/p>\n\n\n\n<p>Al respecto el director del CEPU, Dr. Andr\u00e9s Gabriel Almeyda L\u00e9vano precis\u00f3: \u201ccon el objetivo de coadyuvar con las familias de bajos recursos econ\u00f3micos se realizar\u00e1 el mini ciclo acad\u00e9mico, en los turnos ma\u00f1ana y tarde.<\/p>\n\n\n\n<p>La Gerencia de Desarrollo Social de la Municipalidad de Ica, es la encargada de identificar que se cumplan los requisitos establecidos, el cual ser\u00e1 verificado a trav\u00e9s de la plataforma del SISFOH, para poder brindar esta oportunidad a la poblaci\u00f3n joven en situaci\u00f3n de vulnerabilidad de nuestra provincia.<\/p>\n\n\n\n<p>Las inscripciones se realizar\u00e1n hasta el 13 de noviembre de 2023 ingresando al enlace adjunto: <a href=\"https:\/\/l.facebook.com\/l.php?u=https%3A%2F%2Fforms.gle%2FZeBwRq3kpxbP8bVg6%3Ffbclid%3DIwAR2q-Ieenff2Z5fJSuzkd87A22XkWjmChrpPJ4u244q3eFe5kEp4MjqILJo&amp;h=AT0ybA4YcApRK5WmvqwQVTVz8elyLtM6vr-G3mLoASlzzPU6uvcfLQiMv44GeuFDkrVo6Lr8UsI98LaLAqpMHdywkjHIwwDf-WllqWM-QPq0BmRK5WAvgJr_ttYt6ELftcVM&amp;__tn__=-UK-R&amp;c[0]=AT0kFd-hwjU68tuuOiT2e15VCoFgLxAsm4ejOoA7pnqrpuldF4RIIVoj8ypfgD4_WmnDSGIBAj20rO5oPR85UF3ykN7rXDqpdcZzOWcCs3kIdmx9h6rbk8t3mvzbZPYd_dvyJtcjZbPsEfpuFK60HmgD1gAaSeV4MO5cAU-YkrFWubJ-HhQq2X4pBIqY9beprQULF0mFKDvD\" rel=\"noreferrer noopener\" target=\"_blank\">https:\/\/forms.gle\/ZeBwRq3kpxbP8bVg6<\/a><\/p>\n\n\n\n<p>Las clases se llevar\u00e1n a cabo en las aulas del CEPU UNICA de manera presencial.<\/p>\n\n\n\n<figure class=\"wp-block-image size-full\"><img loading=\"lazy\" decoding=\"async\" width=\"526\" height=\"695\" src=\"https:\/\/www.unica.edu.pe\/noticias\/wp-content\/uploads\/2023\/11\/8-1.jpg\" alt=\"\" class=\"wp-image-26570\" srcset=\"https:\/\/www.unica.edu.pe\/noticias\/wp-content\/uploads\/2023\/11\/8-1.jpg 526w, https:\/\/www.unica.edu.pe\/noticias\/wp-content\/uploads\/2023\/11\/8-1-227x300.jpg 227w\" sizes=\"auto, (max-width: 526px) 100vw, 526px\" \/><\/figure>\n","protected":false},"excerpt":{"rendered":"<p>#NotadePrensa | La UNICA a trav\u00e9s del Centro de Estudios Pre Universitario, CEPU, en alianza con la Gerencia de Desarrollo Social de la Municipalidad Provincial de Ica, realizar\u00e1 un MINI CICLO ACAD\u00c9MICO DE NIVELACI\u00d3N, del 20 de noviembre al 16 de diciembre de 2023. El rector Dr. Jorge Eduardo Moreno Legua y el alcalde Ing. &hellip; <\/p>\n<p class=\"link-more\"><a href=\"https:\/\/www.unica.edu.pe\/noticias\/2023\/11\/06\/nota-de-prensa-2\/\" class=\"more-link\">Continuar leyendo<span class=\"screen-reader-text\"> \u00abNota de Prensa\u00bb<\/span><\/a><\/p>\n","protected":false},"author":4,"featured_media":0,"comment_status":"closed","ping_status":"open","sticky":false,"template":"","format":"standard","meta":{"footnotes":""},"categories":[31],"tags":[],"class_list":["post-26569","post","type-post","status-publish","format-standard","hentry","category-conferencia-de-prensa"],"_links":{"self":[{"href":"https:\/\/www.unica.edu.pe\/noticias\/wp-json\/wp\/v2\/posts\/26569","targetHints":{"allow":["GET"]}}],"collection":[{"href":"https:\/\/www.unica.edu.pe\/noticias\/wp-json\/wp\/v2\/posts"}],"about":[{"href":"https:\/\/www.unica.edu.pe\/noticias\/wp-json\/wp\/v2\/types\/post"}],"author":[{"embeddable":true,"href":"https:\/\/www.unica.edu.pe\/noticias\/wp-json\/wp\/v2\/users\/4"}],"replies":[{"embeddable":true,"href":"https:\/\/www.unica.edu.pe\/noticias\/wp-json\/wp\/v2\/comments?post=26569"}],"version-history":[{"count":1,"href":"https:\/\/www.unica.edu.pe\/noticias\/wp-json\/wp\/v2\/posts\/26569\/revisions"}],"predecessor-version":[{"id":26571,"href":"https:\/\/www.unica.edu.pe\/noticias\/wp-json\/wp\/v2\/posts\/26569\/revisions\/26571"}],"wp:attachment":[{"href":"https:\/\/www.unica.edu.pe\/noticias\/wp-json\/wp\/v2\/media?parent=26569"}],"wp:term":[{"taxonomy":"category","embeddable":true,"href":"https:\/\/www.unica.edu.pe\/noticias\/wp-json\/wp\/v2\/categories?post=26569"},{"taxonomy":"post_tag","embeddable":true,"href":"https:\/\/www.unica.edu.pe\/noticias\/wp-json\/wp\/v2\/tags?post=26569"}],"curies":[{"name":"wp","href":"https:\/\/api.w.org\/{rel}","templated":true}]}}