{"id":26522,"date":"2023-11-06T08:00:00","date_gmt":"2023-11-06T13:00:00","guid":{"rendered":"https:\/\/www.unica.edu.pe\/noticias\/?p=26522"},"modified":"2023-11-06T13:50:22","modified_gmt":"2023-11-06T18:50:22","slug":"rector-de-la-unica-participa-de-reunion-en-el-coer","status":"publish","type":"post","link":"https:\/\/www.unica.edu.pe\/noticias\/2023\/11\/06\/rector-de-la-unica-participa-de-reunion-en-el-coer\/","title":{"rendered":"Rector de la UNICA participa de reuni\u00f3n en el COER"},"content":{"rendered":"\n<p><a href=\"https:\/\/www.facebook.com\/hashtag\/nospreparamos?__eep__=6&amp;__cft__[0]=AZV4Y5M4TuISbiBUnTHr2gDrfE0lkiwf1GU4ommH9N-KQoVUXYyF5830ogfLXZ3amvNopYT2u3yZBMXX4s8GnZU6PrQxc9DNDwLKAtLlFcf7AwSVkRjS6G3fcOzvsVkS_iICXDQGIaaqZmX3wWLwOBmUmeGQZZ-6eCcLZWOypteFD9N95vV0wZPNi8ckLG4tdzw&amp;__tn__=*NK-R\">#NosPreparamos<\/a> | El d\u00eda jueves 2 de noviembre a las 10.00 a.m., en las instalaciones del Centro de Operaciones de Emergencia Regional de Ica, COER, el rector de la UNICA Dr. Jorge Eduardo Moreno Legua, y el decano de la facultad de Ingenier\u00eda Civil Msc. Freddy Manuel Franco Alvarado, sostuvieron una reuni\u00f3n con el subgerente de gesti\u00f3n de riesgos de desastres Abog. Rub\u00e9n Lima Alvites, con el especialista en Gesti\u00f3n de riesgos de desastres del Indeci, Ing. Oscar Or\u00e9 y con la <a><\/a>especialista 2 en Gesti\u00f3n de riesgos de desastres de Indeci, Katherine Reyes Guti\u00e9rrez.<\/p>\n\n\n\n<p>En las coordinaciones se dieron a conocer los avances en el \u201cPlan Multisectorial ante la ocurrencia del Fen\u00f3meno el Ni\u00f1o 2023-2024\u201d, cuyo objetivo es reducir los posibles impactos y da\u00f1os a la poblaci\u00f3n y sus medios de vida a trav\u00e9s de la articulaci\u00f3n e integraci\u00f3n de intervenciones de reducci\u00f3n del muy alto riesgo, as\u00ed como de preparaci\u00f3n.<\/p>\n\n\n\n<p>Concluida las conversaciones, la autoridad universitaria indic\u00f3 que se fortalecer\u00e1 los trabajos para la prevenci\u00f3n y mitigaci\u00f3n de los efectos producto de los desastres naturales, en coordinaci\u00f3n con el Centro de Operaciones de Emergencia Regional de Ica, COER. <\/p>\n\n\n\n<figure class=\"wp-block-image size-large\"><img loading=\"lazy\" decoding=\"async\" width=\"1024\" height=\"683\" src=\"https:\/\/www.unica.edu.pe\/noticias\/wp-content\/uploads\/2023\/11\/44-1-1024x683.jpg\" alt=\"\" class=\"wp-image-26523\" srcset=\"https:\/\/www.unica.edu.pe\/noticias\/wp-content\/uploads\/2023\/11\/44-1-1024x683.jpg 1024w, https:\/\/www.unica.edu.pe\/noticias\/wp-content\/uploads\/2023\/11\/44-1-300x200.jpg 300w, https:\/\/www.unica.edu.pe\/noticias\/wp-content\/uploads\/2023\/11\/44-1-768x512.jpg 768w, https:\/\/www.unica.edu.pe\/noticias\/wp-content\/uploads\/2023\/11\/44-1-1536x1024.jpg 1536w, https:\/\/www.unica.edu.pe\/noticias\/wp-content\/uploads\/2023\/11\/44-1.jpg 2048w\" sizes=\"auto, (max-width: 767px) 89vw, (max-width: 1000px) 54vw, (max-width: 1071px) 543px, 580px\" \/><\/figure>\n\n\n\n<figure class=\"wp-block-image size-large\"><img loading=\"lazy\" decoding=\"async\" width=\"1024\" height=\"683\" src=\"https:\/\/www.unica.edu.pe\/noticias\/wp-content\/uploads\/2023\/11\/45-1-1024x683.jpg\" alt=\"\" class=\"wp-image-26524\" srcset=\"https:\/\/www.unica.edu.pe\/noticias\/wp-content\/uploads\/2023\/11\/45-1-1024x683.jpg 1024w, https:\/\/www.unica.edu.pe\/noticias\/wp-content\/uploads\/2023\/11\/45-1-300x200.jpg 300w, https:\/\/www.unica.edu.pe\/noticias\/wp-content\/uploads\/2023\/11\/45-1-768x512.jpg 768w, https:\/\/www.unica.edu.pe\/noticias\/wp-content\/uploads\/2023\/11\/45-1-1536x1024.jpg 1536w, https:\/\/www.unica.edu.pe\/noticias\/wp-content\/uploads\/2023\/11\/45-1.jpg 2048w\" sizes=\"auto, (max-width: 767px) 89vw, (max-width: 1000px) 54vw, (max-width: 1071px) 543px, 580px\" \/><\/figure>\n","protected":false},"excerpt":{"rendered":"<p>#NosPreparamos | El d\u00eda jueves 2 de noviembre a las 10.00 a.m., en las instalaciones del Centro de Operaciones de Emergencia Regional de Ica, COER, el rector de la UNICA Dr. Jorge Eduardo Moreno Legua, y el decano de la facultad de Ingenier\u00eda Civil Msc. Freddy Manuel Franco Alvarado, sostuvieron una reuni\u00f3n con el subgerente &hellip; <\/p>\n<p class=\"link-more\"><a href=\"https:\/\/www.unica.edu.pe\/noticias\/2023\/11\/06\/rector-de-la-unica-participa-de-reunion-en-el-coer\/\" class=\"more-link\">Continuar leyendo<span class=\"screen-reader-text\"> \u00abRector de la UNICA participa de reuni\u00f3n en el COER\u00bb<\/span><\/a><\/p>\n","protected":false},"author":4,"featured_media":0,"comment_status":"closed","ping_status":"open","sticky":false,"template":"","format":"standard","meta":{"footnotes":""},"categories":[7],"tags":[],"class_list":["post-26522","post","type-post","status-publish","format-standard","hentry","category-noticias"],"_links":{"self":[{"href":"https:\/\/www.unica.edu.pe\/noticias\/wp-json\/wp\/v2\/posts\/26522","targetHints":{"allow":["GET"]}}],"collection":[{"href":"https:\/\/www.unica.edu.pe\/noticias\/wp-json\/wp\/v2\/posts"}],"about":[{"href":"https:\/\/www.unica.edu.pe\/noticias\/wp-json\/wp\/v2\/types\/post"}],"author":[{"embeddable":true,"href":"https:\/\/www.unica.edu.pe\/noticias\/wp-json\/wp\/v2\/users\/4"}],"replies":[{"embeddable":true,"href":"https:\/\/www.unica.edu.pe\/noticias\/wp-json\/wp\/v2\/comments?post=26522"}],"version-history":[{"count":1,"href":"https:\/\/www.unica.edu.pe\/noticias\/wp-json\/wp\/v2\/posts\/26522\/revisions"}],"predecessor-version":[{"id":26525,"href":"https:\/\/www.unica.edu.pe\/noticias\/wp-json\/wp\/v2\/posts\/26522\/revisions\/26525"}],"wp:attachment":[{"href":"https:\/\/www.unica.edu.pe\/noticias\/wp-json\/wp\/v2\/media?parent=26522"}],"wp:term":[{"taxonomy":"category","embeddable":true,"href":"https:\/\/www.unica.edu.pe\/noticias\/wp-json\/wp\/v2\/categories?post=26522"},{"taxonomy":"post_tag","embeddable":true,"href":"https:\/\/www.unica.edu.pe\/noticias\/wp-json\/wp\/v2\/tags?post=26522"}],"curies":[{"name":"wp","href":"https:\/\/api.w.org\/{rel}","templated":true}]}}