{"id":25858,"date":"2023-09-22T10:20:00","date_gmt":"2023-09-22T15:20:00","guid":{"rendered":"https:\/\/www.unica.edu.pe\/noticias\/?p=25858"},"modified":"2023-10-23T09:37:26","modified_gmt":"2023-10-23T14:37:26","slug":"inauguracion-de-sus-actividades-de-celebracion-por-su-38o-aniversario-de-funcionamiento-de-la-facultad-de-ciencias","status":"publish","type":"post","link":"https:\/\/www.unica.edu.pe\/noticias\/2023\/09\/22\/inauguracion-de-sus-actividades-de-celebracion-por-su-38o-aniversario-de-funcionamiento-de-la-facultad-de-ciencias\/","title":{"rendered":"Inauguraci\u00f3n de sus actividades de celebraci\u00f3n por su 38\u00ba aniversario de funcionamiento de la facultad de Ciencias."},"content":{"rendered":"\n<p><a href=\"https:\/\/www.facebook.com\/hashtag\/facultadciencias?__eep__=6&amp;__cft__[0]=AZUM7x4tYQxOPS9Jg9xiQSEUKNc3WxfRLgSDkHZcphHFQxuL2owKcX7IBLJKyWHhfE23_v9WZqKunze7zGRd97NFrHyKY18No-NtPtIh3whkxjawFYu_vxIUZjjoR6vefcF6JDqiU1Uu-Bjq4kG1efo0vfS77H19NNrWJaM6YRrGmtfFeXY6wdXeGWGuCqfIGvg&amp;__tn__=*NK-R\">#FacultadCiencias<\/a> | La facultad de Ciencias realiz\u00f3 el lunes, la inauguraci\u00f3n de sus actividades de celebraci\u00f3n por su XXXVIII aniversario de funcionamiento.<\/p>\n\n\n\n<p>En la ceremonia realizada en el teatro Abraham Valdelomar, y en transmisi\u00f3n en directo a trav\u00e9s de la plataforma zoom, el decano Dr. Rub\u00e9n Tito Flores invit\u00f3 a los estudiantes, docentes y egresados a participar en cada uno de los eventos, y a la vez inaugur\u00f3 el II Congreso Internacional de Matem\u00e1tica y Aplicaciones, II <a><\/a>CIMA.<\/p>\n\n\n\n<p>Estuvieron en la mesa de honor, la presidenta de la comisi\u00f3n de aniversario Dra. Lludy Missa Franco, el presidente del comit\u00e9 organizador del II Congreso Internacional de Matem\u00e1tica y Aplicaciones II CIMA, Dr. Alberto Guti\u00e9rrez Borda y el Dr. Pedro Vel\u00e1squez Rubio, ex docente de la facultad.<\/p>\n\n\n\n<p>Finalizada la ceremonia inmediatamente se iniciaron las ponencias del II Cima que, tras varios d\u00edas de ponencias culminar\u00e1 hoy, 22 de setiembre, en una ceremonia de clausura programada para las 6 de la tarde. <\/p>\n\n\n\n<figure class=\"wp-block-image size-large\"><img loading=\"lazy\" decoding=\"async\" width=\"1024\" height=\"683\" src=\"https:\/\/www.unica.edu.pe\/noticias\/wp-content\/uploads\/2023\/10\/38-1024x683.jpg\" alt=\"\" class=\"wp-image-25859\" srcset=\"https:\/\/www.unica.edu.pe\/noticias\/wp-content\/uploads\/2023\/10\/38-1024x683.jpg 1024w, https:\/\/www.unica.edu.pe\/noticias\/wp-content\/uploads\/2023\/10\/38-300x200.jpg 300w, https:\/\/www.unica.edu.pe\/noticias\/wp-content\/uploads\/2023\/10\/38-768x512.jpg 768w, https:\/\/www.unica.edu.pe\/noticias\/wp-content\/uploads\/2023\/10\/38-1536x1024.jpg 1536w, https:\/\/www.unica.edu.pe\/noticias\/wp-content\/uploads\/2023\/10\/38.jpg 2048w\" sizes=\"auto, (max-width: 767px) 89vw, (max-width: 1000px) 54vw, (max-width: 1071px) 543px, 580px\" \/><\/figure>\n\n\n\n<figure class=\"wp-block-image size-large\"><img loading=\"lazy\" decoding=\"async\" width=\"1024\" height=\"683\" src=\"https:\/\/www.unica.edu.pe\/noticias\/wp-content\/uploads\/2023\/10\/39-1024x683.jpg\" alt=\"\" class=\"wp-image-25860\" srcset=\"https:\/\/www.unica.edu.pe\/noticias\/wp-content\/uploads\/2023\/10\/39-1024x683.jpg 1024w, https:\/\/www.unica.edu.pe\/noticias\/wp-content\/uploads\/2023\/10\/39-300x200.jpg 300w, https:\/\/www.unica.edu.pe\/noticias\/wp-content\/uploads\/2023\/10\/39-768x512.jpg 768w, https:\/\/www.unica.edu.pe\/noticias\/wp-content\/uploads\/2023\/10\/39-1536x1024.jpg 1536w, https:\/\/www.unica.edu.pe\/noticias\/wp-content\/uploads\/2023\/10\/39.jpg 2048w\" sizes=\"auto, (max-width: 767px) 89vw, (max-width: 1000px) 54vw, (max-width: 1071px) 543px, 580px\" \/><\/figure>\n\n\n\n<figure class=\"wp-block-image size-large\"><img loading=\"lazy\" decoding=\"async\" width=\"1024\" height=\"683\" src=\"https:\/\/www.unica.edu.pe\/noticias\/wp-content\/uploads\/2023\/10\/40-1024x683.jpg\" alt=\"\" class=\"wp-image-25861\" srcset=\"https:\/\/www.unica.edu.pe\/noticias\/wp-content\/uploads\/2023\/10\/40-1024x683.jpg 1024w, https:\/\/www.unica.edu.pe\/noticias\/wp-content\/uploads\/2023\/10\/40-300x200.jpg 300w, https:\/\/www.unica.edu.pe\/noticias\/wp-content\/uploads\/2023\/10\/40-768x512.jpg 768w, https:\/\/www.unica.edu.pe\/noticias\/wp-content\/uploads\/2023\/10\/40-1536x1024.jpg 1536w, https:\/\/www.unica.edu.pe\/noticias\/wp-content\/uploads\/2023\/10\/40.jpg 2048w\" sizes=\"auto, (max-width: 767px) 89vw, (max-width: 1000px) 54vw, (max-width: 1071px) 543px, 580px\" \/><\/figure>\n","protected":false},"excerpt":{"rendered":"<p>#FacultadCiencias | La facultad de Ciencias realiz\u00f3 el lunes, la inauguraci\u00f3n de sus actividades de celebraci\u00f3n por su XXXVIII aniversario de funcionamiento. En la ceremonia realizada en el teatro Abraham Valdelomar, y en transmisi\u00f3n en directo a trav\u00e9s de la plataforma zoom, el decano Dr. Rub\u00e9n Tito Flores invit\u00f3 a los estudiantes, docentes y egresados &hellip; <\/p>\n<p class=\"link-more\"><a href=\"https:\/\/www.unica.edu.pe\/noticias\/2023\/09\/22\/inauguracion-de-sus-actividades-de-celebracion-por-su-38o-aniversario-de-funcionamiento-de-la-facultad-de-ciencias\/\" class=\"more-link\">Continuar leyendo<span class=\"screen-reader-text\"> \u00abInauguraci\u00f3n de sus actividades de celebraci\u00f3n por su 38\u00ba aniversario de funcionamiento de la facultad de Ciencias.\u00bb<\/span><\/a><\/p>\n","protected":false},"author":4,"featured_media":0,"comment_status":"closed","ping_status":"open","sticky":false,"template":"","format":"standard","meta":{"footnotes":""},"categories":[7],"tags":[],"class_list":["post-25858","post","type-post","status-publish","format-standard","hentry","category-noticias"],"_links":{"self":[{"href":"https:\/\/www.unica.edu.pe\/noticias\/wp-json\/wp\/v2\/posts\/25858","targetHints":{"allow":["GET"]}}],"collection":[{"href":"https:\/\/www.unica.edu.pe\/noticias\/wp-json\/wp\/v2\/posts"}],"about":[{"href":"https:\/\/www.unica.edu.pe\/noticias\/wp-json\/wp\/v2\/types\/post"}],"author":[{"embeddable":true,"href":"https:\/\/www.unica.edu.pe\/noticias\/wp-json\/wp\/v2\/users\/4"}],"replies":[{"embeddable":true,"href":"https:\/\/www.unica.edu.pe\/noticias\/wp-json\/wp\/v2\/comments?post=25858"}],"version-history":[{"count":1,"href":"https:\/\/www.unica.edu.pe\/noticias\/wp-json\/wp\/v2\/posts\/25858\/revisions"}],"predecessor-version":[{"id":25862,"href":"https:\/\/www.unica.edu.pe\/noticias\/wp-json\/wp\/v2\/posts\/25858\/revisions\/25862"}],"wp:attachment":[{"href":"https:\/\/www.unica.edu.pe\/noticias\/wp-json\/wp\/v2\/media?parent=25858"}],"wp:term":[{"taxonomy":"category","embeddable":true,"href":"https:\/\/www.unica.edu.pe\/noticias\/wp-json\/wp\/v2\/categories?post=25858"},{"taxonomy":"post_tag","embeddable":true,"href":"https:\/\/www.unica.edu.pe\/noticias\/wp-json\/wp\/v2\/tags?post=25858"}],"curies":[{"name":"wp","href":"https:\/\/api.w.org\/{rel}","templated":true}]}}