{"id":25619,"date":"2023-09-11T09:30:00","date_gmt":"2023-09-11T14:30:00","guid":{"rendered":"https:\/\/www.unica.edu.pe\/noticias\/?p=25619"},"modified":"2023-09-12T12:02:20","modified_gmt":"2023-09-12T17:02:20","slug":"rectora-de-la-unslg-participo-en-la-ceremonia-protocolar-por-los-203-aniversario-del-desembarco-de-la-expedicion-libertadora-del-general-don-jose-de-san-martin","status":"publish","type":"post","link":"https:\/\/www.unica.edu.pe\/noticias\/2023\/09\/11\/rectora-de-la-unslg-participo-en-la-ceremonia-protocolar-por-los-203-aniversario-del-desembarco-de-la-expedicion-libertadora-del-general-don-jose-de-san-martin\/","title":{"rendered":"Rectora de la UNSLG particip\u00f3 en la ceremonia por los 203 aniversario del desembarco de la expedici\u00f3n libertadora"},"content":{"rendered":"\n<p><a href=\"https:\/\/www.facebook.com\/hashtag\/aniversariopisco?__eep__=6&amp;__cft__[0]=AZVix1Gf7xL-kf7xEl-UjAXnKp26q6udir8-pvC16itU5lJL0H0Chv4FvsaLVtDbZQtW462nxGslPoBlKOYxscrv3Yy9R7-CY4znqYNXDWI7uTu63hSuPcND9rs6XrPYttzZ0Rew8mlNg7GBxR01F3afZrp2OoAVm5cg0tcGk_k_SNIifhSZAoPunsKPuguyQmo&amp;__tn__=*NK-R\">#AniversarioPisco<\/a> | La rectora de la Universidad Nacional \u201cSan Luis Gonzaga\u201d Dra. Ana Maria Kuroki, en atenci\u00f3n a la invitaci\u00f3n del alcalde de Pisco Sr. Pedro Fuentes Hern\u00e1ndez, particip\u00f3 en la ceremonia protocolar por los 203 aniversario del desembarco de la expedici\u00f3n libertadora del general don Jos\u00e9 de San Mart\u00edn en la bah\u00eda de Paracas, evento que se llev\u00f3 a cabo en la plaza principal el viernes 8 de setiembre. Seguido a ello, la autoridad universitaria fue invitada a la inauguraci\u00f3n del inmueble donde se instal\u00f3 y se convirti\u00f3 en el cuartel del libertador tras su llegada a Pisco en 1820.<\/p>\n\n\n\n<p>La casona que fue reconstruida, es actualmente un museo a trav\u00e9s del cual recordar\u00e1 a los ique\u00f1os y visitantes nacionales como extranjeros c\u00f3mo don Jos\u00e9 de San Mart\u00edn desde este lugar planific\u00f3 la independencia del Per\u00fa y la creaci\u00f3n de la primera bandera.<\/p>\n\n\n\n<figure class=\"wp-block-image size-full\"><img loading=\"lazy\" decoding=\"async\" width=\"593\" height=\"395\" src=\"https:\/\/www.unica.edu.pe\/noticias\/wp-content\/uploads\/2023\/09\/30.jpg\" alt=\"\" class=\"wp-image-25621\" srcset=\"https:\/\/www.unica.edu.pe\/noticias\/wp-content\/uploads\/2023\/09\/30.jpg 593w, https:\/\/www.unica.edu.pe\/noticias\/wp-content\/uploads\/2023\/09\/30-300x200.jpg 300w\" sizes=\"auto, (max-width: 593px) 100vw, 593px\" \/><\/figure>\n\n\n\n<figure class=\"wp-block-image size-full is-resized\"><img loading=\"lazy\" decoding=\"async\" src=\"https:\/\/www.unica.edu.pe\/noticias\/wp-content\/uploads\/2023\/09\/28-1.jpg\" alt=\"\" class=\"wp-image-25622\" style=\"width:674px;height:395px\" width=\"674\" height=\"395\"\/><\/figure>\n\n\n\n<figure class=\"wp-block-image size-full\"><img loading=\"lazy\" decoding=\"async\" width=\"593\" height=\"395\" src=\"https:\/\/www.unica.edu.pe\/noticias\/wp-content\/uploads\/2023\/09\/29-1.jpg\" alt=\"\" class=\"wp-image-25623\" srcset=\"https:\/\/www.unica.edu.pe\/noticias\/wp-content\/uploads\/2023\/09\/29-1.jpg 593w, https:\/\/www.unica.edu.pe\/noticias\/wp-content\/uploads\/2023\/09\/29-1-300x200.jpg 300w\" sizes=\"auto, (max-width: 593px) 100vw, 593px\" \/><\/figure>\n\n\n\n<figure class=\"wp-block-image size-full\"><img loading=\"lazy\" decoding=\"async\" width=\"593\" height=\"395\" src=\"https:\/\/www.unica.edu.pe\/noticias\/wp-content\/uploads\/2023\/09\/27-2.jpg\" alt=\"\" class=\"wp-image-25624\" srcset=\"https:\/\/www.unica.edu.pe\/noticias\/wp-content\/uploads\/2023\/09\/27-2.jpg 593w, https:\/\/www.unica.edu.pe\/noticias\/wp-content\/uploads\/2023\/09\/27-2-300x200.jpg 300w\" sizes=\"auto, (max-width: 593px) 100vw, 593px\" \/><\/figure>\n","protected":false},"excerpt":{"rendered":"<p>#AniversarioPisco | La rectora de la Universidad Nacional \u201cSan Luis Gonzaga\u201d Dra. Ana Maria Kuroki, en atenci\u00f3n a la invitaci\u00f3n del alcalde de Pisco Sr. Pedro Fuentes Hern\u00e1ndez, particip\u00f3 en la ceremonia protocolar por los 203 aniversario del desembarco de la expedici\u00f3n libertadora del general don Jos\u00e9 de San Mart\u00edn en la bah\u00eda de Paracas, &hellip; <\/p>\n<p class=\"link-more\"><a href=\"https:\/\/www.unica.edu.pe\/noticias\/2023\/09\/11\/rectora-de-la-unslg-participo-en-la-ceremonia-protocolar-por-los-203-aniversario-del-desembarco-de-la-expedicion-libertadora-del-general-don-jose-de-san-martin\/\" class=\"more-link\">Continuar leyendo<span class=\"screen-reader-text\"> \u00abRectora de la UNSLG particip\u00f3 en la ceremonia por los 203 aniversario del desembarco de la expedici\u00f3n libertadora\u00bb<\/span><\/a><\/p>\n","protected":false},"author":4,"featured_media":0,"comment_status":"closed","ping_status":"open","sticky":false,"template":"","format":"standard","meta":{"footnotes":""},"categories":[7],"tags":[],"class_list":["post-25619","post","type-post","status-publish","format-standard","hentry","category-noticias"],"_links":{"self":[{"href":"https:\/\/www.unica.edu.pe\/noticias\/wp-json\/wp\/v2\/posts\/25619","targetHints":{"allow":["GET"]}}],"collection":[{"href":"https:\/\/www.unica.edu.pe\/noticias\/wp-json\/wp\/v2\/posts"}],"about":[{"href":"https:\/\/www.unica.edu.pe\/noticias\/wp-json\/wp\/v2\/types\/post"}],"author":[{"embeddable":true,"href":"https:\/\/www.unica.edu.pe\/noticias\/wp-json\/wp\/v2\/users\/4"}],"replies":[{"embeddable":true,"href":"https:\/\/www.unica.edu.pe\/noticias\/wp-json\/wp\/v2\/comments?post=25619"}],"version-history":[{"count":2,"href":"https:\/\/www.unica.edu.pe\/noticias\/wp-json\/wp\/v2\/posts\/25619\/revisions"}],"predecessor-version":[{"id":25626,"href":"https:\/\/www.unica.edu.pe\/noticias\/wp-json\/wp\/v2\/posts\/25619\/revisions\/25626"}],"wp:attachment":[{"href":"https:\/\/www.unica.edu.pe\/noticias\/wp-json\/wp\/v2\/media?parent=25619"}],"wp:term":[{"taxonomy":"category","embeddable":true,"href":"https:\/\/www.unica.edu.pe\/noticias\/wp-json\/wp\/v2\/categories?post=25619"},{"taxonomy":"post_tag","embeddable":true,"href":"https:\/\/www.unica.edu.pe\/noticias\/wp-json\/wp\/v2\/tags?post=25619"}],"curies":[{"name":"wp","href":"https:\/\/api.w.org\/{rel}","templated":true}]}}