{"id":25615,"date":"2023-09-11T08:55:00","date_gmt":"2023-09-11T13:55:00","guid":{"rendered":"https:\/\/www.unica.edu.pe\/noticias\/?p=25615"},"modified":"2023-09-12T11:55:03","modified_gmt":"2023-09-12T16:55:03","slug":"feria-laboral-internacional","status":"publish","type":"post","link":"https:\/\/www.unica.edu.pe\/noticias\/2023\/09\/11\/feria-laboral-internacional\/","title":{"rendered":"Feria Laboral Internacional"},"content":{"rendered":"\n<p><a href=\"https:\/\/www.facebook.com\/hashtag\/ferialaboralinternacional?__eep__=6&amp;__cft__[0]=AZVfh3zvpwmBUUXoIDGlYDzVn0cR71MQF7z4JhO7ztjQFXsjcITHtb_FFSPd2jg9mdQwo-gTPyNDyVIuBKVhneHsWXxh_-kCEvAgjMfYGa3OQCBMI1lP94xNaV-OTgbMy1h9w5KA1BBgRTzk-MiHMpKWsP0eK2Z1_6Xad0_pXW1dyzrE3f0EJh4rV9GTUGvny3M&amp;__tn__=*NK-R\">#FeriaLaboralinternacional<\/a> | Feria Laboral Internacional del 8vo Encuentro de J\u00f3venes de la Alianza del Pac\u00edfico, una feria 100% virtual, a realizarse los d\u00edas 22, 23 y 24 de setiembre de este a\u00f1o. Esta feria ser\u00e1 la m\u00e1s grande de la regi\u00f3n y contar\u00e1 con la presencia de 100 empresas de Per\u00fa, Chile, M\u00e9xico Colombia, las cuales podr\u00e1n ofrecer aprox. 3mil vacantes, tanto nacionales como extranjeras, a sus j\u00f3venes estudiantes y egresados. La inscripci\u00f3n es 100% gratuita.<\/p>\n\n\n\n<figure class=\"wp-block-image size-full\"><img loading=\"lazy\" decoding=\"async\" width=\"398\" height=\"600\" src=\"https:\/\/www.unica.edu.pe\/noticias\/wp-content\/uploads\/2023\/09\/25-2.jpg\" alt=\"\" class=\"wp-image-25616\" srcset=\"https:\/\/www.unica.edu.pe\/noticias\/wp-content\/uploads\/2023\/09\/25-2.jpg 398w, https:\/\/www.unica.edu.pe\/noticias\/wp-content\/uploads\/2023\/09\/25-2-199x300.jpg 199w\" sizes=\"auto, (max-width: 398px) 100vw, 398px\" \/><\/figure>\n\n\n\n<figure class=\"wp-block-image size-full\"><img loading=\"lazy\" decoding=\"async\" width=\"398\" height=\"600\" src=\"https:\/\/www.unica.edu.pe\/noticias\/wp-content\/uploads\/2023\/09\/26-1.jpg\" alt=\"\" class=\"wp-image-25617\" srcset=\"https:\/\/www.unica.edu.pe\/noticias\/wp-content\/uploads\/2023\/09\/26-1.jpg 398w, https:\/\/www.unica.edu.pe\/noticias\/wp-content\/uploads\/2023\/09\/26-1-199x300.jpg 199w\" sizes=\"auto, (max-width: 398px) 100vw, 398px\" \/><\/figure>\n","protected":false},"excerpt":{"rendered":"<p>#FeriaLaboralinternacional | Feria Laboral Internacional del 8vo Encuentro de J\u00f3venes de la Alianza del Pac\u00edfico, una feria 100% virtual, a realizarse los d\u00edas 22, 23 y 24 de setiembre de este a\u00f1o. Esta feria ser\u00e1 la m\u00e1s grande de la regi\u00f3n y contar\u00e1 con la presencia de 100 empresas de Per\u00fa, Chile, M\u00e9xico Colombia, las &hellip; <\/p>\n<p class=\"link-more\"><a href=\"https:\/\/www.unica.edu.pe\/noticias\/2023\/09\/11\/feria-laboral-internacional\/\" class=\"more-link\">Continuar leyendo<span class=\"screen-reader-text\"> \u00abFeria Laboral Internacional\u00bb<\/span><\/a><\/p>\n","protected":false},"author":4,"featured_media":0,"comment_status":"closed","ping_status":"open","sticky":false,"template":"","format":"standard","meta":{"footnotes":""},"categories":[7],"tags":[],"class_list":["post-25615","post","type-post","status-publish","format-standard","hentry","category-noticias"],"_links":{"self":[{"href":"https:\/\/www.unica.edu.pe\/noticias\/wp-json\/wp\/v2\/posts\/25615","targetHints":{"allow":["GET"]}}],"collection":[{"href":"https:\/\/www.unica.edu.pe\/noticias\/wp-json\/wp\/v2\/posts"}],"about":[{"href":"https:\/\/www.unica.edu.pe\/noticias\/wp-json\/wp\/v2\/types\/post"}],"author":[{"embeddable":true,"href":"https:\/\/www.unica.edu.pe\/noticias\/wp-json\/wp\/v2\/users\/4"}],"replies":[{"embeddable":true,"href":"https:\/\/www.unica.edu.pe\/noticias\/wp-json\/wp\/v2\/comments?post=25615"}],"version-history":[{"count":1,"href":"https:\/\/www.unica.edu.pe\/noticias\/wp-json\/wp\/v2\/posts\/25615\/revisions"}],"predecessor-version":[{"id":25618,"href":"https:\/\/www.unica.edu.pe\/noticias\/wp-json\/wp\/v2\/posts\/25615\/revisions\/25618"}],"wp:attachment":[{"href":"https:\/\/www.unica.edu.pe\/noticias\/wp-json\/wp\/v2\/media?parent=25615"}],"wp:term":[{"taxonomy":"category","embeddable":true,"href":"https:\/\/www.unica.edu.pe\/noticias\/wp-json\/wp\/v2\/categories?post=25615"},{"taxonomy":"post_tag","embeddable":true,"href":"https:\/\/www.unica.edu.pe\/noticias\/wp-json\/wp\/v2\/tags?post=25615"}],"curies":[{"name":"wp","href":"https:\/\/api.w.org\/{rel}","templated":true}]}}