{"id":25450,"date":"2023-08-30T14:10:00","date_gmt":"2023-08-30T19:10:00","guid":{"rendered":"https:\/\/www.unica.edu.pe\/noticias\/?p=25450"},"modified":"2023-09-11T11:34:29","modified_gmt":"2023-09-11T16:34:29","slug":"primer-recital-del-coro-polifonico-color-esperanza","status":"publish","type":"post","link":"https:\/\/www.unica.edu.pe\/noticias\/2023\/08\/30\/primer-recital-del-coro-polifonico-color-esperanza\/","title":{"rendered":"Primer recital del coro polif\u00f3nico: \u201cColor Esperanza\u201d"},"content":{"rendered":"\n<p class=\"wp-block-paragraph\"><a href=\"https:\/\/www.facebook.com\/hashtag\/coropolif%C3%B3nico?__eep__=6&amp;__cft__[0]=AZWV4DqJd1b5FciiIJWv2hPqbpbH46rn6azv1MwEvsMS-5YaL9gj4JBCOH_3AS--4oovLiH0cUrIAjq12t2CaOi6-7orqoSt9QoRiU2o0lSx8HcUzGJutLCMBYhOojvALutoS6mci8VUY6BiT8Qz7q0Y5xtqFY_qQgeP5eOv74c-LkvSvJX8AJkjQaxrhl7dai8&amp;__tn__=*NK-R\">#CoroPolif\u00f3nico<\/a> | La comunidad universitaria y p\u00fablico en general est\u00e1 cordialmente invitada al I recital del coro polif\u00f3nico: \u201cColor Esperanza\u201d, con la presentaci\u00f3n de solistas y repertorio musical variado, el jueves 31 de agosto a las 7:00 p. m. teatr\u00edn Abraham Valdelomar, calle Bol\u00edvar n.\u00ba 294 Ica.<\/p>\n\n\n\n<p class=\"wp-block-paragraph\">\u00a1Ingreso libre! <\/p>\n\n\n\n<figure class=\"wp-block-image size-full\"><img loading=\"lazy\" decoding=\"async\" width=\"526\" height=\"526\" src=\"https:\/\/www.unica.edu.pe\/noticias\/wp-content\/uploads\/2023\/09\/142.jpg\" alt=\"\" class=\"wp-image-25451\" srcset=\"https:\/\/www.unica.edu.pe\/noticias\/wp-content\/uploads\/2023\/09\/142.jpg 526w, https:\/\/www.unica.edu.pe\/noticias\/wp-content\/uploads\/2023\/09\/142-300x300.jpg 300w, https:\/\/www.unica.edu.pe\/noticias\/wp-content\/uploads\/2023\/09\/142-150x150.jpg 150w, https:\/\/www.unica.edu.pe\/noticias\/wp-content\/uploads\/2023\/09\/142-100x100.jpg 100w\" sizes=\"auto, (max-width: 526px) 100vw, 526px\" \/><\/figure>\n","protected":false},"excerpt":{"rendered":"<p>#CoroPolif\u00f3nico | La comunidad universitaria y p\u00fablico en general est\u00e1 cordialmente invitada al I recital del coro polif\u00f3nico: \u201cColor Esperanza\u201d, con la presentaci\u00f3n de solistas y repertorio musical variado, el jueves 31 de agosto a las 7:00 p. m. teatr\u00edn Abraham Valdelomar, calle Bol\u00edvar n.\u00ba 294 Ica. \u00a1Ingreso libre!<\/p>\n","protected":false},"author":4,"featured_media":0,"comment_status":"closed","ping_status":"open","sticky":false,"template":"","format":"standard","meta":{"footnotes":""},"categories":[7],"tags":[],"class_list":["post-25450","post","type-post","status-publish","format-standard","hentry","category-noticias"],"_links":{"self":[{"href":"https:\/\/www.unica.edu.pe\/noticias\/wp-json\/wp\/v2\/posts\/25450","targetHints":{"allow":["GET"]}}],"collection":[{"href":"https:\/\/www.unica.edu.pe\/noticias\/wp-json\/wp\/v2\/posts"}],"about":[{"href":"https:\/\/www.unica.edu.pe\/noticias\/wp-json\/wp\/v2\/types\/post"}],"author":[{"embeddable":true,"href":"https:\/\/www.unica.edu.pe\/noticias\/wp-json\/wp\/v2\/users\/4"}],"replies":[{"embeddable":true,"href":"https:\/\/www.unica.edu.pe\/noticias\/wp-json\/wp\/v2\/comments?post=25450"}],"version-history":[{"count":1,"href":"https:\/\/www.unica.edu.pe\/noticias\/wp-json\/wp\/v2\/posts\/25450\/revisions"}],"predecessor-version":[{"id":25452,"href":"https:\/\/www.unica.edu.pe\/noticias\/wp-json\/wp\/v2\/posts\/25450\/revisions\/25452"}],"wp:attachment":[{"href":"https:\/\/www.unica.edu.pe\/noticias\/wp-json\/wp\/v2\/media?parent=25450"}],"wp:term":[{"taxonomy":"category","embeddable":true,"href":"https:\/\/www.unica.edu.pe\/noticias\/wp-json\/wp\/v2\/categories?post=25450"},{"taxonomy":"post_tag","embeddable":true,"href":"https:\/\/www.unica.edu.pe\/noticias\/wp-json\/wp\/v2\/tags?post=25450"}],"curies":[{"name":"wp","href":"https:\/\/api.w.org\/{rel}","templated":true}]}}