{"id":25061,"date":"2023-08-11T14:10:00","date_gmt":"2023-08-11T19:10:00","guid":{"rendered":"https:\/\/www.unica.edu.pe\/noticias\/?p=25061"},"modified":"2023-08-21T12:43:46","modified_gmt":"2023-08-21T17:43:46","slug":"reunion-de-coordinacion-y-capacitacion-plan-familiar-de-emergencia","status":"publish","type":"post","link":"https:\/\/www.unica.edu.pe\/noticias\/2023\/08\/11\/reunion-de-coordinacion-y-capacitacion-plan-familiar-de-emergencia\/","title":{"rendered":"Reuni\u00f3n de coordinaci\u00f3n y capacitaci\u00f3n \u00abPlan Familiar de Emergencia\u00bb"},"content":{"rendered":"\n<p><a href=\"https:\/\/www.facebook.com\/hashtag\/sst?__eep__=6&amp;__cft__[0]=AZVZSmA5s0yr7i3eFU9AGFT3VhhBsLfMohBdxDbM3L-HPNDaSWz6hVz0ykz5d_EddIq2t2LBwKAb7xGHpiI24d5FlK6OwBVgQWjOzG7xjEgulFFtFh8xsGf88EghYVuhfzGOCoPToFCe8W8fbJvVEV7DcHacNHtHoR7Zj2JEXdPra929V8HPvPyUrBDT-BHURHE&amp;__tn__=*NK-R\">#SST<\/a> <a href=\"https:\/\/www.facebook.com\/hashtag\/grd?__eep__=6&amp;__cft__[0]=AZVZSmA5s0yr7i3eFU9AGFT3VhhBsLfMohBdxDbM3L-HPNDaSWz6hVz0ykz5d_EddIq2t2LBwKAb7xGHpiI24d5FlK6OwBVgQWjOzG7xjEgulFFtFh8xsGf88EghYVuhfzGOCoPToFCe8W8fbJvVEV7DcHacNHtHoR7Zj2JEXdPra929V8HPvPyUrBDT-BHURHE&amp;__tn__=*NK-R\">#GRD<\/a> I Hoy se desarroll\u00f3 la reuni\u00f3n de coordinaci\u00f3n y capacitaci\u00f3n \u00abPlan Familiar de Emergencia\u00bb con el objetivo de comprender los conceptos b\u00e1sicos de la Gesti\u00f3n del Riesgo de Desastres, conocer los principios y herramientas para elaborar un Plan de Emergencia Familiar y aprender a coordinar y organizar acciones competentes para responder de manera efectiva ante una emergencia o desastre. Agradecemos inmensamente la participaci\u00f3n del Cap. EP. (r) Henry DuBois Curcio &#8211; Especialista en GRD de la Direcci\u00f3n Desconcentrada de Ica y V\u00edctor Portugal &#8211; Responsable de Brigada de Emergencia de la Municipalidad Provincial de Ica. Todos podemos reducir el riesgo de desastres \u00a1Hazte parte! <\/p>\n\n\n\n<figure class=\"wp-block-image size-full\"><img loading=\"lazy\" decoding=\"async\" width=\"600\" height=\"338\" src=\"https:\/\/www.unica.edu.pe\/noticias\/wp-content\/uploads\/2023\/08\/48-3.jpg\" alt=\"\" class=\"wp-image-25062\" srcset=\"https:\/\/www.unica.edu.pe\/noticias\/wp-content\/uploads\/2023\/08\/48-3.jpg 600w, https:\/\/www.unica.edu.pe\/noticias\/wp-content\/uploads\/2023\/08\/48-3-300x169.jpg 300w\" sizes=\"auto, (max-width: 600px) 100vw, 600px\" \/><\/figure>\n","protected":false},"excerpt":{"rendered":"<p>#SST #GRD I Hoy se desarroll\u00f3 la reuni\u00f3n de coordinaci\u00f3n y capacitaci\u00f3n \u00abPlan Familiar de Emergencia\u00bb con el objetivo de comprender los conceptos b\u00e1sicos de la Gesti\u00f3n del Riesgo de Desastres, conocer los principios y herramientas para elaborar un Plan de Emergencia Familiar y aprender a coordinar y organizar acciones competentes para responder de manera &hellip; <\/p>\n<p class=\"link-more\"><a href=\"https:\/\/www.unica.edu.pe\/noticias\/2023\/08\/11\/reunion-de-coordinacion-y-capacitacion-plan-familiar-de-emergencia\/\" class=\"more-link\">Continuar leyendo<span class=\"screen-reader-text\"> \u00abReuni\u00f3n de coordinaci\u00f3n y capacitaci\u00f3n \u00abPlan Familiar de Emergencia\u00bb\u00bb<\/span><\/a><\/p>\n","protected":false},"author":4,"featured_media":0,"comment_status":"closed","ping_status":"open","sticky":false,"template":"","format":"standard","meta":{"footnotes":""},"categories":[7],"tags":[],"class_list":["post-25061","post","type-post","status-publish","format-standard","hentry","category-noticias"],"_links":{"self":[{"href":"https:\/\/www.unica.edu.pe\/noticias\/wp-json\/wp\/v2\/posts\/25061","targetHints":{"allow":["GET"]}}],"collection":[{"href":"https:\/\/www.unica.edu.pe\/noticias\/wp-json\/wp\/v2\/posts"}],"about":[{"href":"https:\/\/www.unica.edu.pe\/noticias\/wp-json\/wp\/v2\/types\/post"}],"author":[{"embeddable":true,"href":"https:\/\/www.unica.edu.pe\/noticias\/wp-json\/wp\/v2\/users\/4"}],"replies":[{"embeddable":true,"href":"https:\/\/www.unica.edu.pe\/noticias\/wp-json\/wp\/v2\/comments?post=25061"}],"version-history":[{"count":1,"href":"https:\/\/www.unica.edu.pe\/noticias\/wp-json\/wp\/v2\/posts\/25061\/revisions"}],"predecessor-version":[{"id":25063,"href":"https:\/\/www.unica.edu.pe\/noticias\/wp-json\/wp\/v2\/posts\/25061\/revisions\/25063"}],"wp:attachment":[{"href":"https:\/\/www.unica.edu.pe\/noticias\/wp-json\/wp\/v2\/media?parent=25061"}],"wp:term":[{"taxonomy":"category","embeddable":true,"href":"https:\/\/www.unica.edu.pe\/noticias\/wp-json\/wp\/v2\/categories?post=25061"},{"taxonomy":"post_tag","embeddable":true,"href":"https:\/\/www.unica.edu.pe\/noticias\/wp-json\/wp\/v2\/tags?post=25061"}],"curies":[{"name":"wp","href":"https:\/\/api.w.org\/{rel}","templated":true}]}}