{"id":25019,"date":"2023-08-10T11:30:00","date_gmt":"2023-08-10T16:30:00","guid":{"rendered":"https:\/\/www.unica.edu.pe\/noticias\/?p=25019"},"modified":"2023-08-21T11:13:40","modified_gmt":"2023-08-21T16:13:40","slug":"curso-taller-sistemas-administrativos-de-la-gestion-publica","status":"publish","type":"post","link":"https:\/\/www.unica.edu.pe\/noticias\/2023\/08\/10\/curso-taller-sistemas-administrativos-de-la-gestion-publica\/","title":{"rendered":"Curso taller \u201cSISTEMAS ADMINISTRATIVOS DE LA GESTI\u00d3N P\u00daBLICA\u201d."},"content":{"rendered":"\n<p><a href=\"https:\/\/www.facebook.com\/hashtag\/capacitaci%C3%B3n?__eep__=6&amp;__cft__[0]=AZViL4GGkekZKDsTvCwkHuSUbyUxej5SpEEKGJCewWR4DNMS6EQD1Sw_ouNn8vqGr8kU8U_nx7PLaUGp742-3HyB1sH_LIZYHhROHE6345y_wX9ZFn1B_jbHht-oQSpnr96P4gdZT2x1jH2ene3QjZk785osugiQ0u34DH1oyuYRRYXorWtuBeynhkcoIj6jwqw&amp;__tn__=*NK-R\">#Capacitaci\u00f3n<\/a> | La Direcci\u00f3n General de Administraci\u00f3n, Unidad de Recursos Humanos, \u00c1rea de Capacitaci\u00f3n y Desarrollo Humano, invitan a participar del curso taller \u201cSISTEMAS ADMINISTRATIVOS DE LA GESTI\u00d3N P\u00daBLICA\u201d.<\/p>\n\n\n\n<p>Curso taller cuyo objetivo es brindar a los participantes conocimientos vinculados a los sistemas administrativos que se aplican en la gesti\u00f3n p\u00fablica para regular las actividades administrativas y el uso de los recursos p\u00fablicos, en consonancia con las normas <a><\/a>legales vigentes y con especial \u00e9nfasis en sus procesos t\u00e9cnicos y procedimientos generales, proporcionar un panorama actualizado de los principales modelos normativos disponibles para la mejora de la calidad de procesos y sistemas en el \u00e1mbito p\u00fablico y promover una gesti\u00f3n en t\u00e9rminos de eficacia, eficiencia y calidad en el cumplimiento de sus funciones y servicios que brinden a la colectividad, en el CURSO TALLER \u201cSISTEMAS ADMINISTRATIVOS DE LA GESTI\u00d3N P\u00daBLICA\u201d, el cual est\u00e1 dirigido a Autoridades, Funcionarios y Personal no docente de todas las \u00e1reas. Este evento se llevar\u00e1 a cabo los d\u00edas 17, 18, 22, 23 y 24 agosto del 2023, a horas de 6:00 a 9:00 p.m. (05 sesiones), la ponencia estar\u00e1 a cargo del Mag. Econ. MERARDO AM\u00c9RICO OSORIO CANTURIN.<\/p>\n\n\n\n<p>ENLACE DE INSCRIPCI\u00d3N:<\/p>\n\n\n\n<p><a href=\"https:\/\/docs.google.com\/forms\/d\/e\/1FAIpQLSd0CDXjifRbXAXjGb-TSdZuy7r6GiNx0S4dhMuT8QlKifQXEQ\/viewform\">https:\/\/docs.google.com\/forms\/d\/e\/1FAIpQLSd0CDXjifRbXAXjGb-TSdZuy7r6GiNx0S4dhMuT8QlKifQXEQ\/viewform<\/a>   <\/p>\n\n\n\n<figure class=\"wp-block-image size-full\"><img loading=\"lazy\" decoding=\"async\" width=\"511\" height=\"720\" src=\"https:\/\/www.unica.edu.pe\/noticias\/wp-content\/uploads\/2023\/08\/92-3.jpg\" alt=\"\" class=\"wp-image-25020\" srcset=\"https:\/\/www.unica.edu.pe\/noticias\/wp-content\/uploads\/2023\/08\/92-3.jpg 511w, https:\/\/www.unica.edu.pe\/noticias\/wp-content\/uploads\/2023\/08\/92-3-213x300.jpg 213w\" sizes=\"auto, (max-width: 511px) 100vw, 511px\" \/><\/figure>\n","protected":false},"excerpt":{"rendered":"<p>#Capacitaci\u00f3n | La Direcci\u00f3n General de Administraci\u00f3n, Unidad de Recursos Humanos, \u00c1rea de Capacitaci\u00f3n y Desarrollo Humano, invitan a participar del curso taller \u201cSISTEMAS ADMINISTRATIVOS DE LA GESTI\u00d3N P\u00daBLICA\u201d. Curso taller cuyo objetivo es brindar a los participantes conocimientos vinculados a los sistemas administrativos que se aplican en la gesti\u00f3n p\u00fablica para regular las actividades &hellip; <\/p>\n<p class=\"link-more\"><a href=\"https:\/\/www.unica.edu.pe\/noticias\/2023\/08\/10\/curso-taller-sistemas-administrativos-de-la-gestion-publica\/\" class=\"more-link\">Continuar leyendo<span class=\"screen-reader-text\"> \u00abCurso taller \u201cSISTEMAS ADMINISTRATIVOS DE LA GESTI\u00d3N P\u00daBLICA\u201d.\u00bb<\/span><\/a><\/p>\n","protected":false},"author":4,"featured_media":0,"comment_status":"closed","ping_status":"open","sticky":false,"template":"","format":"standard","meta":{"footnotes":""},"categories":[7],"tags":[],"class_list":["post-25019","post","type-post","status-publish","format-standard","hentry","category-noticias"],"_links":{"self":[{"href":"https:\/\/www.unica.edu.pe\/noticias\/wp-json\/wp\/v2\/posts\/25019","targetHints":{"allow":["GET"]}}],"collection":[{"href":"https:\/\/www.unica.edu.pe\/noticias\/wp-json\/wp\/v2\/posts"}],"about":[{"href":"https:\/\/www.unica.edu.pe\/noticias\/wp-json\/wp\/v2\/types\/post"}],"author":[{"embeddable":true,"href":"https:\/\/www.unica.edu.pe\/noticias\/wp-json\/wp\/v2\/users\/4"}],"replies":[{"embeddable":true,"href":"https:\/\/www.unica.edu.pe\/noticias\/wp-json\/wp\/v2\/comments?post=25019"}],"version-history":[{"count":1,"href":"https:\/\/www.unica.edu.pe\/noticias\/wp-json\/wp\/v2\/posts\/25019\/revisions"}],"predecessor-version":[{"id":25021,"href":"https:\/\/www.unica.edu.pe\/noticias\/wp-json\/wp\/v2\/posts\/25019\/revisions\/25021"}],"wp:attachment":[{"href":"https:\/\/www.unica.edu.pe\/noticias\/wp-json\/wp\/v2\/media?parent=25019"}],"wp:term":[{"taxonomy":"category","embeddable":true,"href":"https:\/\/www.unica.edu.pe\/noticias\/wp-json\/wp\/v2\/categories?post=25019"},{"taxonomy":"post_tag","embeddable":true,"href":"https:\/\/www.unica.edu.pe\/noticias\/wp-json\/wp\/v2\/tags?post=25019"}],"curies":[{"name":"wp","href":"https:\/\/api.w.org\/{rel}","templated":true}]}}