{"id":25010,"date":"2023-08-10T07:40:00","date_gmt":"2023-08-10T12:40:00","guid":{"rendered":"https:\/\/www.unica.edu.pe\/noticias\/?p=25010"},"modified":"2023-08-21T11:04:13","modified_gmt":"2023-08-21T16:04:13","slug":"reunion-de-coordinacion-y-capacitacion-sobre-el-plan-familiar-de-emergencia","status":"publish","type":"post","link":"https:\/\/www.unica.edu.pe\/noticias\/2023\/08\/10\/reunion-de-coordinacion-y-capacitacion-sobre-el-plan-familiar-de-emergencia\/","title":{"rendered":"Reuni\u00f3n de coordinaci\u00f3n y capacitaci\u00f3n sobre el plan familiar de emergencia"},"content":{"rendered":"\n<p><a href=\"https:\/\/www.facebook.com\/hashtag\/grd?__eep__=6&amp;__cft__[0]=AZVXX7bJIGctwh0oBZrPeUHoNzxhfm_Gb5cELj6OcO3SGGbkpyoYhimRwLCmFPP9MqHe_k3PgdBLUbWY3E6DLsE86cWwvSyBfgSE2thLOJ5I91Z1GXM-3F0-QF-aZOM3JK0hlwrZ0fLzwzTEpd_mCbJIOBs9W4jlqxFMJQkvo6KucUmM6A7Zk7EjxFfzQp_Uq32OsfkBdnVcce4LlALnmQ7Z&amp;__tn__=*NK-R\">#GRD<\/a> I Se hace extensiva la invitaci\u00f3n a los brigadistas y voluntarios de la UNICA para participar de la reuni\u00f3n de coordinaci\u00f3n y capacitaci\u00f3n sobre el plan familiar de emergencia el viernes 11 de agosto a las 10:30 a.m. en el auditorio de la Facultad de Enfermer\u00eda (ciudad universitaria). La ponencia es de gran importancia para reforzar los conceptos de preparaci\u00f3n y respuesta ante emergencias y desastres, as\u00ed como para motivar a los asistentes a elaborar su propio plan familiar.<\/p>\n\n\n\n<p>Universidad Nacional \u00abSan Luis Gonzaga\u00bbInstituto Nacional de Defensa Civil Per\u00faMunicipalidad de Ica<\/p>\n\n\n\n<p>\u00a1Los esperamos!<\/p>\n\n\n\n<p>Todos podemos reducir el riesgo de desastres \u00a1Hazte parte! <\/p>\n\n\n\n<figure class=\"wp-block-image size-full\"><img loading=\"lazy\" decoding=\"async\" width=\"960\" height=\"540\" src=\"https:\/\/www.unica.edu.pe\/noticias\/wp-content\/uploads\/2023\/08\/87-3.jpg\" alt=\"\" class=\"wp-image-25011\" srcset=\"https:\/\/www.unica.edu.pe\/noticias\/wp-content\/uploads\/2023\/08\/87-3.jpg 960w, https:\/\/www.unica.edu.pe\/noticias\/wp-content\/uploads\/2023\/08\/87-3-300x169.jpg 300w, https:\/\/www.unica.edu.pe\/noticias\/wp-content\/uploads\/2023\/08\/87-3-768x432.jpg 768w\" sizes=\"auto, (max-width: 767px) 89vw, (max-width: 1000px) 54vw, (max-width: 1071px) 543px, 580px\" \/><\/figure>\n","protected":false},"excerpt":{"rendered":"<p>#GRD I Se hace extensiva la invitaci\u00f3n a los brigadistas y voluntarios de la UNICA para participar de la reuni\u00f3n de coordinaci\u00f3n y capacitaci\u00f3n sobre el plan familiar de emergencia el viernes 11 de agosto a las 10:30 a.m. en el auditorio de la Facultad de Enfermer\u00eda (ciudad universitaria). La ponencia es de gran importancia &hellip; <\/p>\n<p class=\"link-more\"><a href=\"https:\/\/www.unica.edu.pe\/noticias\/2023\/08\/10\/reunion-de-coordinacion-y-capacitacion-sobre-el-plan-familiar-de-emergencia\/\" class=\"more-link\">Continuar leyendo<span class=\"screen-reader-text\"> \u00abReuni\u00f3n de coordinaci\u00f3n y capacitaci\u00f3n sobre el plan familiar de emergencia\u00bb<\/span><\/a><\/p>\n","protected":false},"author":4,"featured_media":0,"comment_status":"closed","ping_status":"open","sticky":false,"template":"","format":"standard","meta":{"footnotes":""},"categories":[7],"tags":[],"class_list":["post-25010","post","type-post","status-publish","format-standard","hentry","category-noticias"],"_links":{"self":[{"href":"https:\/\/www.unica.edu.pe\/noticias\/wp-json\/wp\/v2\/posts\/25010","targetHints":{"allow":["GET"]}}],"collection":[{"href":"https:\/\/www.unica.edu.pe\/noticias\/wp-json\/wp\/v2\/posts"}],"about":[{"href":"https:\/\/www.unica.edu.pe\/noticias\/wp-json\/wp\/v2\/types\/post"}],"author":[{"embeddable":true,"href":"https:\/\/www.unica.edu.pe\/noticias\/wp-json\/wp\/v2\/users\/4"}],"replies":[{"embeddable":true,"href":"https:\/\/www.unica.edu.pe\/noticias\/wp-json\/wp\/v2\/comments?post=25010"}],"version-history":[{"count":1,"href":"https:\/\/www.unica.edu.pe\/noticias\/wp-json\/wp\/v2\/posts\/25010\/revisions"}],"predecessor-version":[{"id":25012,"href":"https:\/\/www.unica.edu.pe\/noticias\/wp-json\/wp\/v2\/posts\/25010\/revisions\/25012"}],"wp:attachment":[{"href":"https:\/\/www.unica.edu.pe\/noticias\/wp-json\/wp\/v2\/media?parent=25010"}],"wp:term":[{"taxonomy":"category","embeddable":true,"href":"https:\/\/www.unica.edu.pe\/noticias\/wp-json\/wp\/v2\/categories?post=25010"},{"taxonomy":"post_tag","embeddable":true,"href":"https:\/\/www.unica.edu.pe\/noticias\/wp-json\/wp\/v2\/tags?post=25010"}],"curies":[{"name":"wp","href":"https:\/\/api.w.org\/{rel}","templated":true}]}}