{"id":24824,"date":"2023-08-01T13:50:00","date_gmt":"2023-08-01T18:50:00","guid":{"rendered":"https:\/\/www.unica.edu.pe\/noticias\/?p=24824"},"modified":"2023-08-16T14:02:53","modified_gmt":"2023-08-16T19:02:53","slug":"capacitacion-en-el-uso-de-extintores-y-evacuacion-en-casos-de-sismo","status":"publish","type":"post","link":"https:\/\/www.unica.edu.pe\/noticias\/2023\/08\/01\/capacitacion-en-el-uso-de-extintores-y-evacuacion-en-casos-de-sismo\/","title":{"rendered":"Capacitaci\u00f3n en el \u201cUso de Extintores y Evacuaci\u00f3n en Casos de Sismo\u00bb"},"content":{"rendered":"\n<p class=\"wp-block-paragraph\"><a href=\"https:\/\/www.facebook.com\/hashtag\/seguridadsaludtrabajo?__eep__=6&amp;__cft__[0]=AZWb_pDiYoQ7nlU6R8866iUoCa9WxjRU3Raq9GZ-aLZ9Qe1qhUK6MWzuHOoKl8NIkJz62LbUrJ1yhQWFjaQzOxM2_1AE7BEHEUocCMF9gSWVNDQgor8JZJg2MQmZQT_tMRooHzP3l9rYio9PncMsHE3NqAVmg6spPpagEGj2E5x2TidjtrZVp2wo-6YX1jAiKuaZY-VljWeCkZkvpb9HLwo2&amp;__tn__=*NK-R\">#SeguridadSaludTrabajo<\/a> | La oficina de Seguridad y Salud en el Trabajo informa que el Voluntariado de Emergencia y Rehabilitaci\u00f3n estar\u00e1 desarrollando la capacitaci\u00f3n en el \u201cUso de Extintores y Evacuaci\u00f3n en Casos de Sismo\u00bb a la I.E. Antonia Moreno de C\u00e1ceres, el d\u00eda jueves 03 de agosto a las 10:00 am, con el objetivo de fomentar la cultura de prevenci\u00f3n y fortalecer la resiliencia ante posibles emergencias o desastres <img loading=\"lazy\" decoding=\"async\" height=\"16\" width=\"16\" src=\"https:\/\/static.xx.fbcdn.net\/images\/emoji.php\/v9\/t49\/1\/16\/1f4da.png\" alt=\"\ud83d\udcda\"> <\/p>\n\n\n\n<figure class=\"wp-block-image size-full\"><img loading=\"lazy\" decoding=\"async\" width=\"509\" height=\"720\" src=\"https:\/\/www.unica.edu.pe\/noticias\/wp-content\/uploads\/2023\/08\/4-4.jpg\" alt=\"\" class=\"wp-image-24825\" srcset=\"https:\/\/www.unica.edu.pe\/noticias\/wp-content\/uploads\/2023\/08\/4-4.jpg 509w, https:\/\/www.unica.edu.pe\/noticias\/wp-content\/uploads\/2023\/08\/4-4-212x300.jpg 212w\" sizes=\"auto, (max-width: 509px) 100vw, 509px\" \/><\/figure>\n","protected":false},"excerpt":{"rendered":"<p>#SeguridadSaludTrabajo | La oficina de Seguridad y Salud en el Trabajo informa que el Voluntariado de Emergencia y Rehabilitaci\u00f3n estar\u00e1 desarrollando la capacitaci\u00f3n en el \u201cUso de Extintores y Evacuaci\u00f3n en Casos de Sismo\u00bb a la I.E. Antonia Moreno de C\u00e1ceres, el d\u00eda jueves 03 de agosto a las 10:00 am, con el objetivo de &hellip; <\/p>\n<p class=\"link-more\"><a href=\"https:\/\/www.unica.edu.pe\/noticias\/2023\/08\/01\/capacitacion-en-el-uso-de-extintores-y-evacuacion-en-casos-de-sismo\/\" class=\"more-link\">Continuar leyendo<span class=\"screen-reader-text\"> \u00abCapacitaci\u00f3n en el \u201cUso de Extintores y Evacuaci\u00f3n en Casos de Sismo\u00bb\u00bb<\/span><\/a><\/p>\n","protected":false},"author":4,"featured_media":0,"comment_status":"closed","ping_status":"open","sticky":false,"template":"","format":"standard","meta":{"footnotes":""},"categories":[7],"tags":[],"class_list":["post-24824","post","type-post","status-publish","format-standard","hentry","category-noticias"],"_links":{"self":[{"href":"https:\/\/www.unica.edu.pe\/noticias\/wp-json\/wp\/v2\/posts\/24824","targetHints":{"allow":["GET"]}}],"collection":[{"href":"https:\/\/www.unica.edu.pe\/noticias\/wp-json\/wp\/v2\/posts"}],"about":[{"href":"https:\/\/www.unica.edu.pe\/noticias\/wp-json\/wp\/v2\/types\/post"}],"author":[{"embeddable":true,"href":"https:\/\/www.unica.edu.pe\/noticias\/wp-json\/wp\/v2\/users\/4"}],"replies":[{"embeddable":true,"href":"https:\/\/www.unica.edu.pe\/noticias\/wp-json\/wp\/v2\/comments?post=24824"}],"version-history":[{"count":1,"href":"https:\/\/www.unica.edu.pe\/noticias\/wp-json\/wp\/v2\/posts\/24824\/revisions"}],"predecessor-version":[{"id":24826,"href":"https:\/\/www.unica.edu.pe\/noticias\/wp-json\/wp\/v2\/posts\/24824\/revisions\/24826"}],"wp:attachment":[{"href":"https:\/\/www.unica.edu.pe\/noticias\/wp-json\/wp\/v2\/media?parent=24824"}],"wp:term":[{"taxonomy":"category","embeddable":true,"href":"https:\/\/www.unica.edu.pe\/noticias\/wp-json\/wp\/v2\/categories?post=24824"},{"taxonomy":"post_tag","embeddable":true,"href":"https:\/\/www.unica.edu.pe\/noticias\/wp-json\/wp\/v2\/tags?post=24824"}],"curies":[{"name":"wp","href":"https:\/\/api.w.org\/{rel}","templated":true}]}}