{"id":24818,"date":"2023-08-01T09:40:00","date_gmt":"2023-08-01T14:40:00","guid":{"rendered":"https:\/\/www.unica.edu.pe\/noticias\/?p=24818"},"modified":"2023-08-16T13:58:40","modified_gmt":"2023-08-16T18:58:40","slug":"congreso-sobre-la-comunicacion-en-el-contexto-actual","status":"publish","type":"post","link":"https:\/\/www.unica.edu.pe\/noticias\/2023\/08\/01\/congreso-sobre-la-comunicacion-en-el-contexto-actual\/","title":{"rendered":"Congreso sobre la Comunicaci\u00f3n en el Contexto Actual"},"content":{"rendered":"\n<p class=\"wp-block-paragraph\"><a href=\"https:\/\/www.facebook.com\/hashtag\/fccta?__eep__=6&amp;__cft__[0]=AZWDBrPl_IvsNFWdoKIGXZ1r2TdqTIYYA7b9wKvt_XXqJWxp2-M3GNfXPBa-H0jUEnUfT7r25z9OQaoRfLJdpsMl7ZoO1LVenURgOkUsqZYdK6e1vLlgFY04QaP1iH4r_4GFXK3aoNJzt3RxzGYvMtEOPG4hMWMRlEnLmD1TcFam_B6VNOTkBPc73DcybSLxijk&amp;__tn__=*NK-R\">#FCCTA<\/a> | La Facultad de Ciencias de la Comunicaci\u00f3n, Turismo y Arqueolog\u00eda les invita a participar en el I CONGRESO organizado por los estudiantes del VIII ciclo C de la Escuela profesional Ciencias de la Comunicaci\u00f3n en alianza con la Organizaci\u00f3n Juvenil de Especialistas Pol\u00edtico &#8211; Ica.<\/p>\n\n\n\n<p class=\"wp-block-paragraph\">El cual tiene como finalidad, reunir a expertos y entusiastas de la comunicaci\u00f3n para analizar los desaf\u00edos y oportunidades que enfrentamos en la era actual, marcada por avances tecnol\u00f3gicos <a><\/a>y cambios sociales.<\/p>\n\n\n\n<p class=\"wp-block-paragraph\">\u00a1\u00danete a nuestro emocionante Congreso sobre la Comunicaci\u00f3n en el Contexto Actual!<\/p>\n\n\n\n<p class=\"wp-block-paragraph\"><img loading=\"lazy\" decoding=\"async\" height=\"16\" width=\"16\" alt=\"\ud83d\udcc5\" src=\"https:\/\/static.xx.fbcdn.net\/images\/emoji.php\/v9\/t7e\/1\/16\/1f4c5.png\"> Fecha: 05 de agosto.<\/p>\n\n\n\n<p class=\"wp-block-paragraph\"><img loading=\"lazy\" decoding=\"async\" height=\"16\" width=\"16\" alt=\"\u23f0\" src=\"https:\/\/static.xx.fbcdn.net\/images\/emoji.php\/v9\/t34\/1\/16\/23f0.png\"> Horario: 9:00 a.m.<\/p>\n\n\n\n<p class=\"wp-block-paragraph\"><img loading=\"lazy\" decoding=\"async\" height=\"16\" width=\"16\" alt=\"\ud83d\udccd\" src=\"https:\/\/static.xx.fbcdn.net\/images\/emoji.php\/v9\/t2d\/1\/16\/1f4cd.png\"> Lugar: Teatr\u00edn \u00abAbraham Valdelomar\u00bb<\/p>\n\n\n\n<p class=\"wp-block-paragraph\">No importa si eres un estudiante curioso, un profesional experimentado o simplemente alguien interesado en el poder de la comunicaci\u00f3n, este congreso tiene algo para todos.<\/p>\n\n\n\n<p class=\"wp-block-paragraph\">Para m\u00e1s detalles e inscripciones, visita <a href=\"https:\/\/docs.google.com\/forms\/d\/1b6AJaCZ-pgSCzKUXy3uLKsVtBWy1Yw8MVOt_x0u5yvM\/edit?usp=drivesdk&amp;fbclid=IwAR0c1W4-DGpZUysePtnNWlfF3zv5YNFAWbT4uKFDK2EzvJzl2KKNJB9Z0ps\" rel=\"noreferrer noopener\" target=\"_blank\">https:\/\/docs.google.com\/&#8230;\/1b6AJaCZ&#8230;\/edit&#8230;<\/a>.<\/p>\n\n\n\n<p class=\"wp-block-paragraph\">Unirte al enlace del grupo de WhatsApp para mayor informaci\u00f3n.<\/p>\n\n\n\n<p class=\"wp-block-paragraph\"> <a href=\"https:\/\/chat.whatsapp.com\/H0ReQs1HKmSKw3k3isZy1M\">https:\/\/chat.whatsapp.com\/H0ReQs1HKmSKw3k3isZy1M<\/a><\/p>\n\n\n\n<p class=\"wp-block-paragraph\">\u00a1Te esperamos! <img loading=\"lazy\" decoding=\"async\" height=\"16\" width=\"16\" alt=\"\ud83d\udde3\" src=\"https:\/\/static.xx.fbcdn.net\/images\/emoji.php\/v9\/tfb\/1\/16\/1f5e3.png\"><img loading=\"lazy\" decoding=\"async\" height=\"16\" width=\"16\" alt=\"\ud83c\udf10\" src=\"https:\/\/static.xx.fbcdn.net\/images\/emoji.php\/v9\/taa\/1\/16\/1f310.png\"><img loading=\"lazy\" decoding=\"async\" height=\"16\" width=\"16\" alt=\"\ud83d\udca1\" src=\"https:\/\/static.xx.fbcdn.net\/images\/emoji.php\/v9\/t3c\/1\/16\/1f4a1.png\"><\/p>\n\n\n\n<p class=\"wp-block-paragraph\"><a href=\"https:\/\/www.facebook.com\/hashtag\/congresocomunicacionactual?__eep__=6&amp;__cft__[0]=AZWDBrPl_IvsNFWdoKIGXZ1r2TdqTIYYA7b9wKvt_XXqJWxp2-M3GNfXPBa-H0jUEnUfT7r25z9OQaoRfLJdpsMl7ZoO1LVenURgOkUsqZYdK6e1vLlgFY04QaP1iH4r_4GFXK3aoNJzt3RxzGYvMtEOPG4hMWMRlEnLmD1TcFam_B6VNOTkBPc73DcybSLxijk&amp;__tn__=*NK-R\">#CongresoComunicacionActual<\/a><a href=\"https:\/\/www.facebook.com\/hashtag\/actualidad?__eep__=6&amp;__cft__[0]=AZWDBrPl_IvsNFWdoKIGXZ1r2TdqTIYYA7b9wKvt_XXqJWxp2-M3GNfXPBa-H0jUEnUfT7r25z9OQaoRfLJdpsMl7ZoO1LVenURgOkUsqZYdK6e1vLlgFY04QaP1iH4r_4GFXK3aoNJzt3RxzGYvMtEOPG4hMWMRlEnLmD1TcFam_B6VNOTkBPc73DcybSLxijk&amp;__tn__=*NK-R\">#Actualidad<\/a><a href=\"https:\/\/www.facebook.com\/hashtag\/innovacioncomunicaci%C3%B3n?__eep__=6&amp;__cft__[0]=AZWDBrPl_IvsNFWdoKIGXZ1r2TdqTIYYA7b9wKvt_XXqJWxp2-M3GNfXPBa-H0jUEnUfT7r25z9OQaoRfLJdpsMl7ZoO1LVenURgOkUsqZYdK6e1vLlgFY04QaP1iH4r_4GFXK3aoNJzt3RxzGYvMtEOPG4hMWMRlEnLmD1TcFam_B6VNOTkBPc73DcybSLxijk&amp;__tn__=*NK-R\">#InnovacionComunicaci\u00f3n<\/a>   <\/p>\n\n\n\n<figure class=\"wp-block-image size-full\"><img loading=\"lazy\" decoding=\"async\" width=\"511\" height=\"540\" src=\"https:\/\/www.unica.edu.pe\/noticias\/wp-content\/uploads\/2023\/08\/2-4.jpg\" alt=\"\" class=\"wp-image-24819\" srcset=\"https:\/\/www.unica.edu.pe\/noticias\/wp-content\/uploads\/2023\/08\/2-4.jpg 511w, https:\/\/www.unica.edu.pe\/noticias\/wp-content\/uploads\/2023\/08\/2-4-284x300.jpg 284w\" sizes=\"auto, (max-width: 511px) 100vw, 511px\" \/><\/figure>\n","protected":false},"excerpt":{"rendered":"<p>#FCCTA | La Facultad de Ciencias de la Comunicaci\u00f3n, Turismo y Arqueolog\u00eda les invita a participar en el I CONGRESO organizado por los estudiantes del VIII ciclo C de la Escuela profesional Ciencias de la Comunicaci\u00f3n en alianza con la Organizaci\u00f3n Juvenil de Especialistas Pol\u00edtico &#8211; Ica. El cual tiene como finalidad, reunir a expertos &hellip; <\/p>\n<p class=\"link-more\"><a href=\"https:\/\/www.unica.edu.pe\/noticias\/2023\/08\/01\/congreso-sobre-la-comunicacion-en-el-contexto-actual\/\" class=\"more-link\">Continuar leyendo<span class=\"screen-reader-text\"> \u00abCongreso sobre la Comunicaci\u00f3n en el Contexto Actual\u00bb<\/span><\/a><\/p>\n","protected":false},"author":4,"featured_media":0,"comment_status":"closed","ping_status":"open","sticky":false,"template":"","format":"standard","meta":{"footnotes":""},"categories":[7],"tags":[],"class_list":["post-24818","post","type-post","status-publish","format-standard","hentry","category-noticias"],"_links":{"self":[{"href":"https:\/\/www.unica.edu.pe\/noticias\/wp-json\/wp\/v2\/posts\/24818","targetHints":{"allow":["GET"]}}],"collection":[{"href":"https:\/\/www.unica.edu.pe\/noticias\/wp-json\/wp\/v2\/posts"}],"about":[{"href":"https:\/\/www.unica.edu.pe\/noticias\/wp-json\/wp\/v2\/types\/post"}],"author":[{"embeddable":true,"href":"https:\/\/www.unica.edu.pe\/noticias\/wp-json\/wp\/v2\/users\/4"}],"replies":[{"embeddable":true,"href":"https:\/\/www.unica.edu.pe\/noticias\/wp-json\/wp\/v2\/comments?post=24818"}],"version-history":[{"count":1,"href":"https:\/\/www.unica.edu.pe\/noticias\/wp-json\/wp\/v2\/posts\/24818\/revisions"}],"predecessor-version":[{"id":24820,"href":"https:\/\/www.unica.edu.pe\/noticias\/wp-json\/wp\/v2\/posts\/24818\/revisions\/24820"}],"wp:attachment":[{"href":"https:\/\/www.unica.edu.pe\/noticias\/wp-json\/wp\/v2\/media?parent=24818"}],"wp:term":[{"taxonomy":"category","embeddable":true,"href":"https:\/\/www.unica.edu.pe\/noticias\/wp-json\/wp\/v2\/categories?post=24818"},{"taxonomy":"post_tag","embeddable":true,"href":"https:\/\/www.unica.edu.pe\/noticias\/wp-json\/wp\/v2\/tags?post=24818"}],"curies":[{"name":"wp","href":"https:\/\/api.w.org\/{rel}","templated":true}]}}