{"id":24132,"date":"2023-07-05T11:45:00","date_gmt":"2023-07-05T16:45:00","guid":{"rendered":"https:\/\/www.unica.edu.pe\/noticias\/?p=24132"},"modified":"2023-07-21T12:30:32","modified_gmt":"2023-07-21T17:30:32","slug":"comunicado-30","status":"publish","type":"post","link":"https:\/\/www.unica.edu.pe\/noticias\/2023\/07\/05\/comunicado-30\/","title":{"rendered":"Comunicado"},"content":{"rendered":"\n<p><a href=\"https:\/\/www.facebook.com\/hashtag\/entregadiplomas?__eep__=6&amp;__cft__[0]=AZU8DibsOCVi9j4rb88qhLTdXW59uhBtF7eSjRnz8y8uMTMLHpO0qq5ePXarHt2rOzfdfBGDnKgeGisfUSZKgB4vdgsI7KOunfoX5YnSZxsnQBMMiFWrSBR1Zh2GA8c9aK62-0AusAtdWD-O_QNxPdWWuxIQrN4M1yKt7VVMPDShIUPrjCk-95Xaxm0tqLYBOWU&amp;__tn__=*NK-R\">#EntregaDiplomas<\/a> | Secretaria General de la Universidad Nacional \u201cSan Luis Gonzaga\u201d realizar\u00e1 la entrega de diplomas de grados acad\u00e9micos y t\u00edtulos profesionales, el d\u00eda viernes 7 de julio de 2023, en horario de 9:00 a. m. hasta las 12:00 m., en el Rectorado ubicado en prolongaci\u00f3n Ayabaca C-9, Ica.<\/p>\n\n\n\n<p>Se adjunta v\u00eda enlace la relaci\u00f3n de diplomas a entregar: <a rel=\"noreferrer noopener\" href=\"https:\/\/bit.ly\/3pBkiFT?fbclid=IwAR0BVq-vBkeTq0W_iNibYX8Se4osNrMQOZBCBRhSaFJMBI84_uP5EbONS8o\" target=\"_blank\">https:\/\/bit.ly\/3pBkiFT<\/a> <\/p>\n\n\n\n<figure class=\"wp-block-image size-full\"><img loading=\"lazy\" decoding=\"async\" width=\"526\" height=\"526\" src=\"https:\/\/www.unica.edu.pe\/noticias\/wp-content\/uploads\/2023\/07\/45-2.jpg\" alt=\"\" class=\"wp-image-24133\" srcset=\"https:\/\/www.unica.edu.pe\/noticias\/wp-content\/uploads\/2023\/07\/45-2.jpg 526w, https:\/\/www.unica.edu.pe\/noticias\/wp-content\/uploads\/2023\/07\/45-2-300x300.jpg 300w, https:\/\/www.unica.edu.pe\/noticias\/wp-content\/uploads\/2023\/07\/45-2-150x150.jpg 150w, https:\/\/www.unica.edu.pe\/noticias\/wp-content\/uploads\/2023\/07\/45-2-100x100.jpg 100w\" sizes=\"auto, (max-width: 526px) 100vw, 526px\" \/><\/figure>\n","protected":false},"excerpt":{"rendered":"<p>#EntregaDiplomas | Secretaria General de la Universidad Nacional \u201cSan Luis Gonzaga\u201d realizar\u00e1 la entrega de diplomas de grados acad\u00e9micos y t\u00edtulos profesionales, el d\u00eda viernes 7 de julio de 2023, en horario de 9:00 a. m. hasta las 12:00 m., en el Rectorado ubicado en prolongaci\u00f3n Ayabaca C-9, Ica. Se adjunta v\u00eda enlace la relaci\u00f3n &hellip; <\/p>\n<p class=\"link-more\"><a href=\"https:\/\/www.unica.edu.pe\/noticias\/2023\/07\/05\/comunicado-30\/\" class=\"more-link\">Continuar leyendo<span class=\"screen-reader-text\"> \u00abComunicado\u00bb<\/span><\/a><\/p>\n","protected":false},"author":4,"featured_media":0,"comment_status":"closed","ping_status":"open","sticky":false,"template":"","format":"standard","meta":{"footnotes":""},"categories":[3],"tags":[],"class_list":["post-24132","post","type-post","status-publish","format-standard","hentry","category-comunicados"],"_links":{"self":[{"href":"https:\/\/www.unica.edu.pe\/noticias\/wp-json\/wp\/v2\/posts\/24132","targetHints":{"allow":["GET"]}}],"collection":[{"href":"https:\/\/www.unica.edu.pe\/noticias\/wp-json\/wp\/v2\/posts"}],"about":[{"href":"https:\/\/www.unica.edu.pe\/noticias\/wp-json\/wp\/v2\/types\/post"}],"author":[{"embeddable":true,"href":"https:\/\/www.unica.edu.pe\/noticias\/wp-json\/wp\/v2\/users\/4"}],"replies":[{"embeddable":true,"href":"https:\/\/www.unica.edu.pe\/noticias\/wp-json\/wp\/v2\/comments?post=24132"}],"version-history":[{"count":1,"href":"https:\/\/www.unica.edu.pe\/noticias\/wp-json\/wp\/v2\/posts\/24132\/revisions"}],"predecessor-version":[{"id":24134,"href":"https:\/\/www.unica.edu.pe\/noticias\/wp-json\/wp\/v2\/posts\/24132\/revisions\/24134"}],"wp:attachment":[{"href":"https:\/\/www.unica.edu.pe\/noticias\/wp-json\/wp\/v2\/media?parent=24132"}],"wp:term":[{"taxonomy":"category","embeddable":true,"href":"https:\/\/www.unica.edu.pe\/noticias\/wp-json\/wp\/v2\/categories?post=24132"},{"taxonomy":"post_tag","embeddable":true,"href":"https:\/\/www.unica.edu.pe\/noticias\/wp-json\/wp\/v2\/tags?post=24132"}],"curies":[{"name":"wp","href":"https:\/\/api.w.org\/{rel}","templated":true}]}}