{"id":24123,"date":"2023-07-04T14:50:00","date_gmt":"2023-07-04T19:50:00","guid":{"rendered":"https:\/\/www.unica.edu.pe\/noticias\/?p=24123"},"modified":"2023-07-21T12:23:01","modified_gmt":"2023-07-21T17:23:01","slug":"taller-interdisciplinario-de-manualidades-y-recreacion","status":"publish","type":"post","link":"https:\/\/www.unica.edu.pe\/noticias\/2023\/07\/04\/taller-interdisciplinario-de-manualidades-y-recreacion\/","title":{"rendered":"Taller Interdisciplinario de Manualidades y Recreaci\u00f3n"},"content":{"rendered":"\n<p><a href=\"https:\/\/www.facebook.com\/hashtag\/proyeccionsocial?__eep__=6&amp;__cft__[0]=AZUi2kkj8n93mdIaVjLRXQiKa12SwwVI6Od1WyUIHTvAURuZKy5n4echBwSQiQjndVIwkwanbaHcDcGIDSMHu0O_5LbdycYJ9tYO_XEh3Xdrbd7c6Ih8yCeZA7WXZUtWvUMHlbZbpjA_dBv80tr8XLPAxTv2kJJ3URPkLyYL8zRdXDmuUmx_SwsoxOv8FiMpp3c&amp;__tn__=*NK-R\">#ProyeccionSocial<\/a> I <a href=\"https:\/\/www.facebook.com\/hashtag\/taller_interdisciplinario?__eep__=6&amp;__cft__[0]=AZUi2kkj8n93mdIaVjLRXQiKa12SwwVI6Od1WyUIHTvAURuZKy5n4echBwSQiQjndVIwkwanbaHcDcGIDSMHu0O_5LbdycYJ9tYO_XEh3Xdrbd7c6Ih8yCeZA7WXZUtWvUMHlbZbpjA_dBv80tr8XLPAxTv2kJJ3URPkLyYL8zRdXDmuUmx_SwsoxOv8FiMpp3c&amp;__tn__=*NK-R\">#taller_interdisciplinario<\/a> El d\u00eda de hoy se dio inicio con el desarrollo del Taller Interdisciplinario de Manualidades y Recreaci\u00f3n, dirigido a los ni\u00f1os y adolescentes del Programa Integral Nacional para el Bienestar Familiar &#8211; INABIF ICA.<\/p>\n\n\n\n<p>Nos trasladamos a las instalaciones del INABIF, donde se llev\u00f3 a cabo las sesiones de manualidades con ocasi\u00f3n a las fiestas patrias, adem\u00e1s de las sesiones de recreaci\u00f3n.<\/p>\n\n\n\n<p>El proyecto incluye sesiones del Taller de <a><\/a>Dibujo B\u00e1sico y Manualidades Educativas, a cargo del Lic. Juan Olaechea Pardo; y el Taller de recreaci\u00f3n a cargo del Lic. Edgar Toledo Tataje, estas sesiones se realizan con la finalidad de promover el desarrollo de habilidades creativas, psicomotrices y desenvolvimiento de los ni\u00f1os como parte de su inserci\u00f3n en la sociedad.<\/p>\n\n\n\n<p>Agradecidos con los directivos y administrativos del INABIF, por su compromiso y aporte en esta noble causa.<\/p>\n\n\n\n<p>\u201cUNICA comprometido con la ni\u00f1ez\u201d <\/p>\n\n\n\n<figure class=\"wp-block-image size-full\"><img loading=\"lazy\" decoding=\"async\" width=\"600\" height=\"450\" src=\"https:\/\/www.unica.edu.pe\/noticias\/wp-content\/uploads\/2023\/07\/42-2.jpg\" alt=\"\" class=\"wp-image-24124\" srcset=\"https:\/\/www.unica.edu.pe\/noticias\/wp-content\/uploads\/2023\/07\/42-2.jpg 600w, https:\/\/www.unica.edu.pe\/noticias\/wp-content\/uploads\/2023\/07\/42-2-300x225.jpg 300w\" sizes=\"auto, (max-width: 600px) 100vw, 600px\" \/><\/figure>\n","protected":false},"excerpt":{"rendered":"<p>#ProyeccionSocial I #taller_interdisciplinario El d\u00eda de hoy se dio inicio con el desarrollo del Taller Interdisciplinario de Manualidades y Recreaci\u00f3n, dirigido a los ni\u00f1os y adolescentes del Programa Integral Nacional para el Bienestar Familiar &#8211; INABIF ICA. Nos trasladamos a las instalaciones del INABIF, donde se llev\u00f3 a cabo las sesiones de manualidades con ocasi\u00f3n &hellip; <\/p>\n<p class=\"link-more\"><a href=\"https:\/\/www.unica.edu.pe\/noticias\/2023\/07\/04\/taller-interdisciplinario-de-manualidades-y-recreacion\/\" class=\"more-link\">Continuar leyendo<span class=\"screen-reader-text\"> \u00abTaller Interdisciplinario de Manualidades y Recreaci\u00f3n\u00bb<\/span><\/a><\/p>\n","protected":false},"author":4,"featured_media":0,"comment_status":"closed","ping_status":"open","sticky":false,"template":"","format":"standard","meta":{"footnotes":""},"categories":[7],"tags":[],"class_list":["post-24123","post","type-post","status-publish","format-standard","hentry","category-noticias"],"_links":{"self":[{"href":"https:\/\/www.unica.edu.pe\/noticias\/wp-json\/wp\/v2\/posts\/24123","targetHints":{"allow":["GET"]}}],"collection":[{"href":"https:\/\/www.unica.edu.pe\/noticias\/wp-json\/wp\/v2\/posts"}],"about":[{"href":"https:\/\/www.unica.edu.pe\/noticias\/wp-json\/wp\/v2\/types\/post"}],"author":[{"embeddable":true,"href":"https:\/\/www.unica.edu.pe\/noticias\/wp-json\/wp\/v2\/users\/4"}],"replies":[{"embeddable":true,"href":"https:\/\/www.unica.edu.pe\/noticias\/wp-json\/wp\/v2\/comments?post=24123"}],"version-history":[{"count":1,"href":"https:\/\/www.unica.edu.pe\/noticias\/wp-json\/wp\/v2\/posts\/24123\/revisions"}],"predecessor-version":[{"id":24125,"href":"https:\/\/www.unica.edu.pe\/noticias\/wp-json\/wp\/v2\/posts\/24123\/revisions\/24125"}],"wp:attachment":[{"href":"https:\/\/www.unica.edu.pe\/noticias\/wp-json\/wp\/v2\/media?parent=24123"}],"wp:term":[{"taxonomy":"category","embeddable":true,"href":"https:\/\/www.unica.edu.pe\/noticias\/wp-json\/wp\/v2\/categories?post=24123"},{"taxonomy":"post_tag","embeddable":true,"href":"https:\/\/www.unica.edu.pe\/noticias\/wp-json\/wp\/v2\/tags?post=24123"}],"curies":[{"name":"wp","href":"https:\/\/api.w.org\/{rel}","templated":true}]}}