{"id":24091,"date":"2023-07-03T08:30:00","date_gmt":"2023-07-03T13:30:00","guid":{"rendered":"https:\/\/www.unica.edu.pe\/noticias\/?p=24091"},"modified":"2023-07-21T11:49:53","modified_gmt":"2023-07-21T16:49:53","slug":"inauguro-el-curso-de-evaluacion-de-danos-y-analisis-de-necesidades-edan-peru","status":"publish","type":"post","link":"https:\/\/www.unica.edu.pe\/noticias\/2023\/07\/03\/inauguro-el-curso-de-evaluacion-de-danos-y-analisis-de-necesidades-edan-peru\/","title":{"rendered":"Inaugur\u00f3 el Curso de Evaluaci\u00f3n de Da\u00f1os y An\u00e1lisis de Necesidades &#8211; EDAN Per\u00fa"},"content":{"rendered":"\n<p><a href=\"https:\/\/www.facebook.com\/hashtag\/sst?__eep__=6&amp;__cft__[0]=AZWczyvR9KARFRHAkOGxm4ZGus0Zvy0dPXW7ak-vBjYNUgQVQ35rsN39g0GLldOvwO6HABIAgPKkLqWHlVGoWwTK_gBbOd2JsbUIgoRHH7AnYZ4IiKSoFwS1T_6683dxBfhAx98uh8vgE4fL9brt5n6X4iJRNF7p0FmKzVOdgrtVKTgMr5DaMMfGt0-WRHcfwBB7O8FTiHKZMi46LJjjas40&amp;__tn__=*NK-R\">#SST<\/a> | <img loading=\"lazy\" decoding=\"async\" height=\"16\" width=\"16\" src=\"https:\/\/static.xx.fbcdn.net\/images\/emoji.php\/v9\/t8d\/1\/16\/2611.png\" alt=\"\u2611\ufe0f\"><a href=\"https:\/\/www.facebook.com\/hashtag\/ica?__eep__=6&amp;__cft__[0]=AZWczyvR9KARFRHAkOGxm4ZGus0Zvy0dPXW7ak-vBjYNUgQVQ35rsN39g0GLldOvwO6HABIAgPKkLqWHlVGoWwTK_gBbOd2JsbUIgoRHH7AnYZ4IiKSoFwS1T_6683dxBfhAx98uh8vgE4fL9brt5n6X4iJRNF7p0FmKzVOdgrtVKTgMr5DaMMfGt0-WRHcfwBB7O8FTiHKZMi46LJjjas40&amp;__tn__=*NK-R\">#Ica<\/a> | <a href=\"https:\/\/www.facebook.com\/hashtag\/indeci?__eep__=6&amp;__cft__[0]=AZWczyvR9KARFRHAkOGxm4ZGus0Zvy0dPXW7ak-vBjYNUgQVQ35rsN39g0GLldOvwO6HABIAgPKkLqWHlVGoWwTK_gBbOd2JsbUIgoRHH7AnYZ4IiKSoFwS1T_6683dxBfhAx98uh8vgE4fL9brt5n6X4iJRNF7p0FmKzVOdgrtVKTgMr5DaMMfGt0-WRHcfwBB7O8FTiHKZMi46LJjjas40&amp;__tn__=*NK-R\">#INDECI<\/a> inaugur\u00f3 el Curso de Evaluaci\u00f3n de Da\u00f1os y An\u00e1lisis de Necesidades &#8211; EDAN Per\u00fa en el distrito de Paracas, con el fin de capacitar al gobierno regional, gobiernos locales y entidades de primera respuesta en el marco de la gesti\u00f3n reactiva del riesgo de desastres.<img loading=\"lazy\" decoding=\"async\" height=\"16\" width=\"16\" src=\"https:\/\/static.xx.fbcdn.net\/images\/emoji.php\/v9\/t6c\/1\/16\/1f4aa.png\" alt=\"\ud83d\udcaa\"><img loading=\"lazy\" decoding=\"async\" height=\"16\" width=\"16\" src=\"https:\/\/static.xx.fbcdn.net\/images\/emoji.php\/v9\/t71\/1\/16\/1f1f5_1f1ea.png\" alt=\"\ud83c\uddf5\ud83c\uddea\"> <\/p>\n\n\n\n<figure class=\"wp-block-image size-full\"><img loading=\"lazy\" decoding=\"async\" width=\"521\" height=\"521\" src=\"https:\/\/www.unica.edu.pe\/noticias\/wp-content\/uploads\/2023\/07\/28-2.jpg\" alt=\"\" class=\"wp-image-24092\" srcset=\"https:\/\/www.unica.edu.pe\/noticias\/wp-content\/uploads\/2023\/07\/28-2.jpg 521w, https:\/\/www.unica.edu.pe\/noticias\/wp-content\/uploads\/2023\/07\/28-2-300x300.jpg 300w, https:\/\/www.unica.edu.pe\/noticias\/wp-content\/uploads\/2023\/07\/28-2-150x150.jpg 150w, https:\/\/www.unica.edu.pe\/noticias\/wp-content\/uploads\/2023\/07\/28-2-100x100.jpg 100w\" sizes=\"auto, (max-width: 521px) 100vw, 521px\" \/><\/figure>\n","protected":false},"excerpt":{"rendered":"<p>#SST | #Ica | #INDECI inaugur\u00f3 el Curso de Evaluaci\u00f3n de Da\u00f1os y An\u00e1lisis de Necesidades &#8211; EDAN Per\u00fa en el distrito de Paracas, con el fin de capacitar al gobierno regional, gobiernos locales y entidades de primera respuesta en el marco de la gesti\u00f3n reactiva del riesgo de desastres.<\/p>\n","protected":false},"author":4,"featured_media":0,"comment_status":"closed","ping_status":"open","sticky":false,"template":"","format":"standard","meta":{"footnotes":""},"categories":[7],"tags":[],"class_list":["post-24091","post","type-post","status-publish","format-standard","hentry","category-noticias"],"_links":{"self":[{"href":"https:\/\/www.unica.edu.pe\/noticias\/wp-json\/wp\/v2\/posts\/24091","targetHints":{"allow":["GET"]}}],"collection":[{"href":"https:\/\/www.unica.edu.pe\/noticias\/wp-json\/wp\/v2\/posts"}],"about":[{"href":"https:\/\/www.unica.edu.pe\/noticias\/wp-json\/wp\/v2\/types\/post"}],"author":[{"embeddable":true,"href":"https:\/\/www.unica.edu.pe\/noticias\/wp-json\/wp\/v2\/users\/4"}],"replies":[{"embeddable":true,"href":"https:\/\/www.unica.edu.pe\/noticias\/wp-json\/wp\/v2\/comments?post=24091"}],"version-history":[{"count":1,"href":"https:\/\/www.unica.edu.pe\/noticias\/wp-json\/wp\/v2\/posts\/24091\/revisions"}],"predecessor-version":[{"id":24093,"href":"https:\/\/www.unica.edu.pe\/noticias\/wp-json\/wp\/v2\/posts\/24091\/revisions\/24093"}],"wp:attachment":[{"href":"https:\/\/www.unica.edu.pe\/noticias\/wp-json\/wp\/v2\/media?parent=24091"}],"wp:term":[{"taxonomy":"category","embeddable":true,"href":"https:\/\/www.unica.edu.pe\/noticias\/wp-json\/wp\/v2\/categories?post=24091"},{"taxonomy":"post_tag","embeddable":true,"href":"https:\/\/www.unica.edu.pe\/noticias\/wp-json\/wp\/v2\/tags?post=24091"}],"curies":[{"name":"wp","href":"https:\/\/api.w.org\/{rel}","templated":true}]}}