{"id":23431,"date":"2023-05-29T08:00:00","date_gmt":"2023-05-29T13:00:00","guid":{"rendered":"https:\/\/www.unica.edu.pe\/noticias\/?p=23431"},"modified":"2023-06-09T11:44:58","modified_gmt":"2023-06-09T16:44:58","slug":"visita-del-congresista-de-la-republica-raul-huaman-coronado","status":"publish","type":"post","link":"https:\/\/www.unica.edu.pe\/noticias\/2023\/05\/29\/visita-del-congresista-de-la-republica-raul-huaman-coronado\/","title":{"rendered":"Visita del congresista de la republica Ra\u00fal Huam\u00e1n Coronado"},"content":{"rendered":"\n<p class=\"wp-block-paragraph\"><a href=\"https:\/\/www.facebook.com\/hashtag\/congresista?__eep__=6&amp;__cft__[0]=AZWb0pzM44Khu4X37CiR8ZFLlDtyFdoK_czLlH7J4-ADvzioB-340705pfnU4buSQjULn-J6JAMhMeubDi4iSxGsxx2IPd_CODztiw394gm0GVCxK9X51GRTP6pVdNHy2zJdAPOFN6q7sXTddWIYMZIMly575ODXWGlLVJKJqdZdkcmz3ZphmH7zpJQAU9yF-iI&amp;__tn__=*NK-R\">#Congresista<\/a> | El viernes 26 la rectora Dra. Ana Mar\u00eda Kuroki de Kawata y el pleno del Consejo Universitario, recibieron la visita del congresista Ra\u00fal Huam\u00e1n Coronado, a quien se le otorg\u00f3 informaci\u00f3n sobre la gesti\u00f3n acad\u00e9mica y administrativa de la Universidad, con el fin de promover su apoyo desde el Congreso de la Rep\u00fablica, para fortalecer las condiciones b\u00e1sicas de calidad universitaria.<\/p>\n\n\n\n<figure class=\"wp-block-image size-large\"><img loading=\"lazy\" decoding=\"async\" width=\"1024\" height=\"768\" src=\"https:\/\/www.unica.edu.pe\/noticias\/wp-content\/uploads\/2023\/06\/81-1024x768.jpg\" alt=\"\" class=\"wp-image-23432\" srcset=\"https:\/\/www.unica.edu.pe\/noticias\/wp-content\/uploads\/2023\/06\/81-1024x768.jpg 1024w, https:\/\/www.unica.edu.pe\/noticias\/wp-content\/uploads\/2023\/06\/81-300x225.jpg 300w, https:\/\/www.unica.edu.pe\/noticias\/wp-content\/uploads\/2023\/06\/81-768x576.jpg 768w, https:\/\/www.unica.edu.pe\/noticias\/wp-content\/uploads\/2023\/06\/81-1536x1152.jpg 1536w, https:\/\/www.unica.edu.pe\/noticias\/wp-content\/uploads\/2023\/06\/81.jpg 1600w\" sizes=\"auto, (max-width: 767px) 89vw, (max-width: 1000px) 54vw, (max-width: 1071px) 543px, 580px\" \/><\/figure>\n","protected":false},"excerpt":{"rendered":"<p>#Congresista | El viernes 26 la rectora Dra. Ana Mar\u00eda Kuroki de Kawata y el pleno del Consejo Universitario, recibieron la visita del congresista Ra\u00fal Huam\u00e1n Coronado, a quien se le otorg\u00f3 informaci\u00f3n sobre la gesti\u00f3n acad\u00e9mica y administrativa de la Universidad, con el fin de promover su apoyo desde el Congreso de la Rep\u00fablica, &hellip; <\/p>\n<p class=\"link-more\"><a href=\"https:\/\/www.unica.edu.pe\/noticias\/2023\/05\/29\/visita-del-congresista-de-la-republica-raul-huaman-coronado\/\" class=\"more-link\">Continuar leyendo<span class=\"screen-reader-text\"> \u00abVisita del congresista de la republica Ra\u00fal Huam\u00e1n Coronado\u00bb<\/span><\/a><\/p>\n","protected":false},"author":4,"featured_media":0,"comment_status":"closed","ping_status":"open","sticky":false,"template":"","format":"standard","meta":{"footnotes":""},"categories":[7],"tags":[],"class_list":["post-23431","post","type-post","status-publish","format-standard","hentry","category-noticias"],"_links":{"self":[{"href":"https:\/\/www.unica.edu.pe\/noticias\/wp-json\/wp\/v2\/posts\/23431","targetHints":{"allow":["GET"]}}],"collection":[{"href":"https:\/\/www.unica.edu.pe\/noticias\/wp-json\/wp\/v2\/posts"}],"about":[{"href":"https:\/\/www.unica.edu.pe\/noticias\/wp-json\/wp\/v2\/types\/post"}],"author":[{"embeddable":true,"href":"https:\/\/www.unica.edu.pe\/noticias\/wp-json\/wp\/v2\/users\/4"}],"replies":[{"embeddable":true,"href":"https:\/\/www.unica.edu.pe\/noticias\/wp-json\/wp\/v2\/comments?post=23431"}],"version-history":[{"count":1,"href":"https:\/\/www.unica.edu.pe\/noticias\/wp-json\/wp\/v2\/posts\/23431\/revisions"}],"predecessor-version":[{"id":23433,"href":"https:\/\/www.unica.edu.pe\/noticias\/wp-json\/wp\/v2\/posts\/23431\/revisions\/23433"}],"wp:attachment":[{"href":"https:\/\/www.unica.edu.pe\/noticias\/wp-json\/wp\/v2\/media?parent=23431"}],"wp:term":[{"taxonomy":"category","embeddable":true,"href":"https:\/\/www.unica.edu.pe\/noticias\/wp-json\/wp\/v2\/categories?post=23431"},{"taxonomy":"post_tag","embeddable":true,"href":"https:\/\/www.unica.edu.pe\/noticias\/wp-json\/wp\/v2\/tags?post=23431"}],"curies":[{"name":"wp","href":"https:\/\/api.w.org\/{rel}","templated":true}]}}