{"id":23342,"date":"2023-05-25T13:50:00","date_gmt":"2023-05-25T18:50:00","guid":{"rendered":"https:\/\/www.unica.edu.pe\/noticias\/?p=23342"},"modified":"2023-05-29T09:57:44","modified_gmt":"2023-05-29T14:57:44","slug":"reconformacion-de-la-comision-ejecutiva-central-de-admision-para-el-proceso-de-examen-de-admision-2023-i","status":"publish","type":"post","link":"https:\/\/www.unica.edu.pe\/noticias\/2023\/05\/25\/reconformacion-de-la-comision-ejecutiva-central-de-admision-para-el-proceso-de-examen-de-admision-2023-i\/","title":{"rendered":"Reconformaci\u00f3n de la Comisi\u00f3n Ejecutiva Central de Admisi\u00f3n para el proceso de Examen de Admisi\u00f3n 2023-I"},"content":{"rendered":"\n<p class=\"wp-block-paragraph\"><a href=\"https:\/\/www.facebook.com\/hashtag\/admisi%C3%B3n2023?__eep__=6&amp;__cft__[0]=AZUgndddIW5FcUshGsajcvLzsotTZ9UzMHJdpA5RnmI2AmExYvpauj6TxJYl0j-GtdIFrd45O4DKJSteWD6GbUWy4DqCZlCydq3lfOEvhiIJSnb30KJAJVaGEEofxtU3sH-N6hd9UXKz71xc5QLZAI1vb3QBBVUjU2XT4nUisXNR42jHF9d1VRAJNJ_2-kTHu7M&amp;__tn__=*NK-R\">#Admisi\u00f3n2023<\/a> | Mediante resoluci\u00f3n rectoral n.\u00ba 084, se reconforma la Comisi\u00f3n Ejecutiva Central de Admisi\u00f3n para el proceso de Examen de Admisi\u00f3n 2023-I, quedando como sigue:<\/p>\n\n\n\n<p class=\"wp-block-paragraph\">Carlos Anibal Cuquian Ger\u00f3nimo, presidente.<\/p>\n\n\n\n<p class=\"wp-block-paragraph\">Pablo Juvenal Gutierrez Zea, miembro.<\/p>\n\n\n\n<p class=\"wp-block-paragraph\">Luis Alberto Hern\u00e1ndez Ramos, miembro.<\/p>\n\n\n\n<p class=\"wp-block-paragraph\">Olga Mar\u00eda Curro Urbano, miembro.<\/p>\n\n\n\n<p class=\"wp-block-paragraph\">Jos\u00e9 <a><\/a>Salom\u00f3n Palomino Valle, miembro.<\/p>\n\n\n\n<p class=\"wp-block-paragraph\">Mauro Juan Ramirez Herrera, miembro. <\/p>\n\n\n\n<figure class=\"wp-block-image size-large\"><img loading=\"lazy\" decoding=\"async\" width=\"1024\" height=\"683\" src=\"https:\/\/www.unica.edu.pe\/noticias\/wp-content\/uploads\/2023\/05\/76-1-1024x683.jpg\" alt=\"\" class=\"wp-image-23343\" srcset=\"https:\/\/www.unica.edu.pe\/noticias\/wp-content\/uploads\/2023\/05\/76-1-1024x683.jpg 1024w, https:\/\/www.unica.edu.pe\/noticias\/wp-content\/uploads\/2023\/05\/76-1-300x200.jpg 300w, https:\/\/www.unica.edu.pe\/noticias\/wp-content\/uploads\/2023\/05\/76-1-768x512.jpg 768w, https:\/\/www.unica.edu.pe\/noticias\/wp-content\/uploads\/2023\/05\/76-1-1536x1024.jpg 1536w, https:\/\/www.unica.edu.pe\/noticias\/wp-content\/uploads\/2023\/05\/76-1.jpg 2048w\" sizes=\"auto, (max-width: 767px) 89vw, (max-width: 1000px) 54vw, (max-width: 1071px) 543px, 580px\" \/><\/figure>\n","protected":false},"excerpt":{"rendered":"<p>#Admisi\u00f3n2023 | Mediante resoluci\u00f3n rectoral n.\u00ba 084, se reconforma la Comisi\u00f3n Ejecutiva Central de Admisi\u00f3n para el proceso de Examen de Admisi\u00f3n 2023-I, quedando como sigue: Carlos Anibal Cuquian Ger\u00f3nimo, presidente. Pablo Juvenal Gutierrez Zea, miembro. Luis Alberto Hern\u00e1ndez Ramos, miembro. Olga Mar\u00eda Curro Urbano, miembro. Jos\u00e9 Salom\u00f3n Palomino Valle, miembro. Mauro Juan Ramirez Herrera, &hellip; <\/p>\n<p class=\"link-more\"><a href=\"https:\/\/www.unica.edu.pe\/noticias\/2023\/05\/25\/reconformacion-de-la-comision-ejecutiva-central-de-admision-para-el-proceso-de-examen-de-admision-2023-i\/\" class=\"more-link\">Continuar leyendo<span class=\"screen-reader-text\"> \u00abReconformaci\u00f3n de la Comisi\u00f3n Ejecutiva Central de Admisi\u00f3n para el proceso de Examen de Admisi\u00f3n 2023-I\u00bb<\/span><\/a><\/p>\n","protected":false},"author":4,"featured_media":0,"comment_status":"closed","ping_status":"open","sticky":false,"template":"","format":"standard","meta":{"footnotes":""},"categories":[7],"tags":[],"class_list":["post-23342","post","type-post","status-publish","format-standard","hentry","category-noticias"],"_links":{"self":[{"href":"https:\/\/www.unica.edu.pe\/noticias\/wp-json\/wp\/v2\/posts\/23342","targetHints":{"allow":["GET"]}}],"collection":[{"href":"https:\/\/www.unica.edu.pe\/noticias\/wp-json\/wp\/v2\/posts"}],"about":[{"href":"https:\/\/www.unica.edu.pe\/noticias\/wp-json\/wp\/v2\/types\/post"}],"author":[{"embeddable":true,"href":"https:\/\/www.unica.edu.pe\/noticias\/wp-json\/wp\/v2\/users\/4"}],"replies":[{"embeddable":true,"href":"https:\/\/www.unica.edu.pe\/noticias\/wp-json\/wp\/v2\/comments?post=23342"}],"version-history":[{"count":1,"href":"https:\/\/www.unica.edu.pe\/noticias\/wp-json\/wp\/v2\/posts\/23342\/revisions"}],"predecessor-version":[{"id":23344,"href":"https:\/\/www.unica.edu.pe\/noticias\/wp-json\/wp\/v2\/posts\/23342\/revisions\/23344"}],"wp:attachment":[{"href":"https:\/\/www.unica.edu.pe\/noticias\/wp-json\/wp\/v2\/media?parent=23342"}],"wp:term":[{"taxonomy":"category","embeddable":true,"href":"https:\/\/www.unica.edu.pe\/noticias\/wp-json\/wp\/v2\/categories?post=23342"},{"taxonomy":"post_tag","embeddable":true,"href":"https:\/\/www.unica.edu.pe\/noticias\/wp-json\/wp\/v2\/tags?post=23342"}],"curies":[{"name":"wp","href":"https:\/\/api.w.org\/{rel}","templated":true}]}}