{"id":22228,"date":"2023-04-17T08:35:00","date_gmt":"2023-04-17T13:35:00","guid":{"rendered":"https:\/\/www.unica.edu.pe\/noticias\/?p=22228"},"modified":"2023-04-19T14:53:27","modified_gmt":"2023-04-19T19:53:27","slug":"ceremonia-de-inauguracion-del-semestre-academico-2022-ii-3","status":"publish","type":"post","link":"https:\/\/www.unica.edu.pe\/noticias\/2023\/04\/17\/ceremonia-de-inauguracion-del-semestre-academico-2022-ii-3\/","title":{"rendered":"Ceremonia de inauguraci\u00f3n del Semestre Acad\u00e9mico 2022-II"},"content":{"rendered":"\n<p><a href=\"https:\/\/www.facebook.com\/hashtag\/presencialidadunica?__eep__=6&amp;__cft__[0]=AZUK0XsaTYPz1zn5Ljzzdy41jgFZbJeZf_j6tXmNKZ7FuvAYFDr7nEENsWNHV49pdVSZEJN23w94AnwQqqc3nkm97D5YF_59qjUmw0JVncEftkIINDhfjauSd-4ja4otjrQ7m93JkxTg6cQylAFvoIeKmMxIzwqZrNv3RVA4o0EfVSzT0mw4FYVYTgUhtyJwmKt5VkEGzxaGMJq3Kv6Jb2ei&amp;__tn__=*NK-R\">#PresencialidadUNICA<\/a> | La Comunidad Universitaria est\u00e1 invitada a participar de la ceremonia de inauguraci\u00f3n del Semestre Acad\u00e9mico 2022-II, modalidad presencial.<\/p>\n\n\n\n<p>\u00a1Los esperamos! <img loading=\"lazy\" decoding=\"async\" height=\"16\" width=\"16\" src=\"https:\/\/static.xx.fbcdn.net\/images\/emoji.php\/v9\/tfd\/1\/16\/1f64c.png\" alt=\"\ud83d\ude4c\"><img loading=\"lazy\" decoding=\"async\" height=\"16\" width=\"16\" src=\"https:\/\/static.xx.fbcdn.net\/images\/emoji.php\/v9\/t83\/1\/16\/1f60e.png\" alt=\"\ud83d\ude0e\"><img loading=\"lazy\" decoding=\"async\" height=\"16\" width=\"16\" src=\"https:\/\/static.xx.fbcdn.net\/images\/emoji.php\/v9\/t6d\/1\/16\/1f973.png\" alt=\"\ud83e\udd73\">  <\/p>\n\n\n\n<figure class=\"wp-block-image size-large\"><img loading=\"lazy\" decoding=\"async\" width=\"1024\" height=\"1024\" src=\"https:\/\/www.unica.edu.pe\/noticias\/wp-content\/uploads\/2023\/04\/55-1-1024x1024.jpg\" alt=\"\" class=\"wp-image-22229\" srcset=\"https:\/\/www.unica.edu.pe\/noticias\/wp-content\/uploads\/2023\/04\/55-1-1024x1024.jpg 1024w, https:\/\/www.unica.edu.pe\/noticias\/wp-content\/uploads\/2023\/04\/55-1-300x300.jpg 300w, https:\/\/www.unica.edu.pe\/noticias\/wp-content\/uploads\/2023\/04\/55-1-150x150.jpg 150w, https:\/\/www.unica.edu.pe\/noticias\/wp-content\/uploads\/2023\/04\/55-1-768x768.jpg 768w, https:\/\/www.unica.edu.pe\/noticias\/wp-content\/uploads\/2023\/04\/55-1-100x100.jpg 100w, https:\/\/www.unica.edu.pe\/noticias\/wp-content\/uploads\/2023\/04\/55-1.jpg 1080w\" sizes=\"auto, (max-width: 767px) 89vw, (max-width: 1000px) 54vw, (max-width: 1071px) 543px, 580px\" \/><\/figure>\n","protected":false},"excerpt":{"rendered":"<p>#PresencialidadUNICA | La Comunidad Universitaria est\u00e1 invitada a participar de la ceremonia de inauguraci\u00f3n del Semestre Acad\u00e9mico 2022-II, modalidad presencial. \u00a1Los esperamos!<\/p>\n","protected":false},"author":4,"featured_media":0,"comment_status":"closed","ping_status":"open","sticky":false,"template":"","format":"standard","meta":{"footnotes":""},"categories":[7],"tags":[],"class_list":["post-22228","post","type-post","status-publish","format-standard","hentry","category-noticias"],"_links":{"self":[{"href":"https:\/\/www.unica.edu.pe\/noticias\/wp-json\/wp\/v2\/posts\/22228","targetHints":{"allow":["GET"]}}],"collection":[{"href":"https:\/\/www.unica.edu.pe\/noticias\/wp-json\/wp\/v2\/posts"}],"about":[{"href":"https:\/\/www.unica.edu.pe\/noticias\/wp-json\/wp\/v2\/types\/post"}],"author":[{"embeddable":true,"href":"https:\/\/www.unica.edu.pe\/noticias\/wp-json\/wp\/v2\/users\/4"}],"replies":[{"embeddable":true,"href":"https:\/\/www.unica.edu.pe\/noticias\/wp-json\/wp\/v2\/comments?post=22228"}],"version-history":[{"count":1,"href":"https:\/\/www.unica.edu.pe\/noticias\/wp-json\/wp\/v2\/posts\/22228\/revisions"}],"predecessor-version":[{"id":22230,"href":"https:\/\/www.unica.edu.pe\/noticias\/wp-json\/wp\/v2\/posts\/22228\/revisions\/22230"}],"wp:attachment":[{"href":"https:\/\/www.unica.edu.pe\/noticias\/wp-json\/wp\/v2\/media?parent=22228"}],"wp:term":[{"taxonomy":"category","embeddable":true,"href":"https:\/\/www.unica.edu.pe\/noticias\/wp-json\/wp\/v2\/categories?post=22228"},{"taxonomy":"post_tag","embeddable":true,"href":"https:\/\/www.unica.edu.pe\/noticias\/wp-json\/wp\/v2\/tags?post=22228"}],"curies":[{"name":"wp","href":"https:\/\/api.w.org\/{rel}","templated":true}]}}