{"id":22142,"date":"2023-04-12T14:45:00","date_gmt":"2023-04-12T19:45:00","guid":{"rendered":"https:\/\/www.unica.edu.pe\/noticias\/?p=22142"},"modified":"2023-04-13T15:24:23","modified_gmt":"2023-04-13T20:24:23","slug":"bolsa-de-trabajo-responsable-de-comunicaciones-en-incubadora-de-empresas","status":"publish","type":"post","link":"https:\/\/www.unica.edu.pe\/noticias\/2023\/04\/12\/bolsa-de-trabajo-responsable-de-comunicaciones-en-incubadora-de-empresas\/","title":{"rendered":"Bolsa De Trabajo | Responsable de comunicaciones en Incubadora de empresas"},"content":{"rendered":"\n<p class=\"wp-block-paragraph\"><a href=\"https:\/\/www.facebook.com\/hashtag\/bolsadetrabajo?__eep__=6&amp;__cft__[0]=AZWhO8lVrc7b60SRHIvELthaWEtEgZXcMvSnW8d_Ra4Ow79QWpWJaHuk3RzBnnmoZIWQU8avpQinX3EzrySiYuPKyWzGuLePnh9DDxzGL3bPPAIfFaEOA8a_J-LJSs4diYEx9rl2enW2PeLYc2Pg3SOs615FLoIWxFfUFm4vuh8E63a7ceNJ6M_QVvr2U56vLPXIpJtMCo5QxIjzhjeOAoHh&amp;__tn__=*NK-R\">#BolsaDeTrabajo<\/a> | Responsable de comunicaciones en Incubadora de empresas<\/p>\n\n\n\n<p class=\"wp-block-paragraph\"><a href=\"https:\/\/bolsadetrabajo.unica.edu.pe\/\">https:\/\/bolsadetrabajo.unica.edu.pe\/<\/a><\/p>\n\n\n\n<p class=\"wp-block-paragraph\">Usuario <img loading=\"lazy\" decoding=\"async\" height=\"16\" width=\"16\" alt=\"\ud83d\udc49\" src=\"https:\/\/static.xx.fbcdn.net\/images\/emoji.php\/v9\/t51\/1\/16\/1f449.png\"> C\u00f3digo de matr\u00edcula.<\/p>\n\n\n\n<p class=\"wp-block-paragraph\">Contrase\u00f1a <img loading=\"lazy\" decoding=\"async\" height=\"16\" width=\"16\" alt=\"\ud83d\udc49\" src=\"https:\/\/static.xx.fbcdn.net\/images\/emoji.php\/v9\/t51\/1\/16\/1f449.png\"> N\u00famero de DNI.<\/p>\n\n\n\n<p class=\"wp-block-paragraph\">Vigencia <img loading=\"lazy\" decoding=\"async\" height=\"16\" width=\"16\" src=\"https:\/\/static.xx.fbcdn.net\/images\/emoji.php\/v9\/t51\/1\/16\/1f449.png\" alt=\"\ud83d\udc49\"> 14 de abril. <\/p>\n\n\n\n<figure class=\"wp-block-image size-full\"><img loading=\"lazy\" decoding=\"async\" width=\"699\" height=\"540\" src=\"https:\/\/www.unica.edu.pe\/noticias\/wp-content\/uploads\/2023\/04\/20-1.jpg\" alt=\"\" class=\"wp-image-22143\" srcset=\"https:\/\/www.unica.edu.pe\/noticias\/wp-content\/uploads\/2023\/04\/20-1.jpg 699w, https:\/\/www.unica.edu.pe\/noticias\/wp-content\/uploads\/2023\/04\/20-1-300x232.jpg 300w\" sizes=\"auto, (max-width: 699px) 100vw, 699px\" \/><\/figure>\n","protected":false},"excerpt":{"rendered":"<p>#BolsaDeTrabajo | Responsable de comunicaciones en Incubadora de empresas https:\/\/bolsadetrabajo.unica.edu.pe\/ Usuario C\u00f3digo de matr\u00edcula. Contrase\u00f1a N\u00famero de DNI. Vigencia 14 de abril.<\/p>\n","protected":false},"author":4,"featured_media":0,"comment_status":"closed","ping_status":"open","sticky":false,"template":"","format":"standard","meta":{"footnotes":""},"categories":[1],"tags":[],"class_list":["post-22142","post","type-post","status-publish","format-standard","hentry","category-sin-categoria"],"_links":{"self":[{"href":"https:\/\/www.unica.edu.pe\/noticias\/wp-json\/wp\/v2\/posts\/22142","targetHints":{"allow":["GET"]}}],"collection":[{"href":"https:\/\/www.unica.edu.pe\/noticias\/wp-json\/wp\/v2\/posts"}],"about":[{"href":"https:\/\/www.unica.edu.pe\/noticias\/wp-json\/wp\/v2\/types\/post"}],"author":[{"embeddable":true,"href":"https:\/\/www.unica.edu.pe\/noticias\/wp-json\/wp\/v2\/users\/4"}],"replies":[{"embeddable":true,"href":"https:\/\/www.unica.edu.pe\/noticias\/wp-json\/wp\/v2\/comments?post=22142"}],"version-history":[{"count":1,"href":"https:\/\/www.unica.edu.pe\/noticias\/wp-json\/wp\/v2\/posts\/22142\/revisions"}],"predecessor-version":[{"id":22144,"href":"https:\/\/www.unica.edu.pe\/noticias\/wp-json\/wp\/v2\/posts\/22142\/revisions\/22144"}],"wp:attachment":[{"href":"https:\/\/www.unica.edu.pe\/noticias\/wp-json\/wp\/v2\/media?parent=22142"}],"wp:term":[{"taxonomy":"category","embeddable":true,"href":"https:\/\/www.unica.edu.pe\/noticias\/wp-json\/wp\/v2\/categories?post=22142"},{"taxonomy":"post_tag","embeddable":true,"href":"https:\/\/www.unica.edu.pe\/noticias\/wp-json\/wp\/v2\/tags?post=22142"}],"curies":[{"name":"wp","href":"https:\/\/api.w.org\/{rel}","templated":true}]}}