{"id":21766,"date":"2023-03-24T12:15:00","date_gmt":"2023-03-24T17:15:00","guid":{"rendered":"https:\/\/www.unica.edu.pe\/noticias\/?p=21766"},"modified":"2023-03-24T13:22:52","modified_gmt":"2023-03-24T18:22:52","slug":"jornada-de-charlas-libres-sobre-propiedad-intelectual-y-patentes-2","status":"publish","type":"post","link":"https:\/\/www.unica.edu.pe\/noticias\/2023\/03\/24\/jornada-de-charlas-libres-sobre-propiedad-intelectual-y-patentes-2\/","title":{"rendered":"Jornada de charlas libres sobre \u00abPropiedad intelectual y patentes\u00bb."},"content":{"rendered":"\n<p><a href=\"https:\/\/www.facebook.com\/hashtag\/vicerrectoradoinvestigaci%C3%B3n?__eep__=6&amp;__cft__[0]=AZX2abhrzWZtuNTwTcGQROjYdQf6yV6O92nro0bIt4RARGTsnS3NlfDzOJ0YMsEcgLp-v4t-al_EQ9PcFl5tCJCxc3Z4dkZj95_CczfWIGvje_ty7NNEQcdYCYy1PiFnDTiPZCRaQv4JWxiJvWyY3F-f8xSrEZXUFe_K-6ifqbEAtbb8tnO137evNdComMPxZnGAepD7eVu3Hb9i0MiMxyfp&amp;__tn__=*NK-R\">#VicerrectoradoInvestigaci\u00f3n<\/a> | El Vicerrectorado de Investigaci\u00f3n a trav\u00e9s de la Direcci\u00f3n de Innovaci\u00f3n y Transferencia Tecnol\u00f3gica, realizar\u00e1 la jornada de charlas libres sobre \u00abPropiedad intelectual y patentes\u00bb.<\/p>\n\n\n\n<p>Enlace de inscripci\u00f3n: <a rel=\"noreferrer noopener\" href=\"https:\/\/forms.office.com\/r\/yaY1SF0wSt?fbclid=IwAR2-sKoNDY68_pYeCwNsZwPZbHpC4UIUNXlPSPdfxB9KWxCCPhXkAIgmCWk\" target=\"_blank\">https:\/\/forms.office.com\/r\/yaY1SF0wSt<\/a> <\/p>\n\n\n\n<figure class=\"wp-block-image size-full\"><img loading=\"lazy\" decoding=\"async\" width=\"720\" height=\"528\" src=\"https:\/\/www.unica.edu.pe\/noticias\/wp-content\/uploads\/2023\/03\/43-2.jpg\" alt=\"\" class=\"wp-image-21767\" srcset=\"https:\/\/www.unica.edu.pe\/noticias\/wp-content\/uploads\/2023\/03\/43-2.jpg 720w, https:\/\/www.unica.edu.pe\/noticias\/wp-content\/uploads\/2023\/03\/43-2-300x220.jpg 300w\" sizes=\"auto, (max-width: 720px) 100vw, 720px\" \/><\/figure>\n","protected":false},"excerpt":{"rendered":"<p>#VicerrectoradoInvestigaci\u00f3n | El Vicerrectorado de Investigaci\u00f3n a trav\u00e9s de la Direcci\u00f3n de Innovaci\u00f3n y Transferencia Tecnol\u00f3gica, realizar\u00e1 la jornada de charlas libres sobre \u00abPropiedad intelectual y patentes\u00bb. Enlace de inscripci\u00f3n: https:\/\/forms.office.com\/r\/yaY1SF0wSt<\/p>\n","protected":false},"author":4,"featured_media":0,"comment_status":"closed","ping_status":"open","sticky":false,"template":"","format":"standard","meta":{"footnotes":""},"categories":[7],"tags":[],"class_list":["post-21766","post","type-post","status-publish","format-standard","hentry","category-noticias"],"_links":{"self":[{"href":"https:\/\/www.unica.edu.pe\/noticias\/wp-json\/wp\/v2\/posts\/21766","targetHints":{"allow":["GET"]}}],"collection":[{"href":"https:\/\/www.unica.edu.pe\/noticias\/wp-json\/wp\/v2\/posts"}],"about":[{"href":"https:\/\/www.unica.edu.pe\/noticias\/wp-json\/wp\/v2\/types\/post"}],"author":[{"embeddable":true,"href":"https:\/\/www.unica.edu.pe\/noticias\/wp-json\/wp\/v2\/users\/4"}],"replies":[{"embeddable":true,"href":"https:\/\/www.unica.edu.pe\/noticias\/wp-json\/wp\/v2\/comments?post=21766"}],"version-history":[{"count":1,"href":"https:\/\/www.unica.edu.pe\/noticias\/wp-json\/wp\/v2\/posts\/21766\/revisions"}],"predecessor-version":[{"id":21768,"href":"https:\/\/www.unica.edu.pe\/noticias\/wp-json\/wp\/v2\/posts\/21766\/revisions\/21768"}],"wp:attachment":[{"href":"https:\/\/www.unica.edu.pe\/noticias\/wp-json\/wp\/v2\/media?parent=21766"}],"wp:term":[{"taxonomy":"category","embeddable":true,"href":"https:\/\/www.unica.edu.pe\/noticias\/wp-json\/wp\/v2\/categories?post=21766"},{"taxonomy":"post_tag","embeddable":true,"href":"https:\/\/www.unica.edu.pe\/noticias\/wp-json\/wp\/v2\/tags?post=21766"}],"curies":[{"name":"wp","href":"https:\/\/api.w.org\/{rel}","templated":true}]}}