{"id":21760,"date":"2023-03-24T08:10:00","date_gmt":"2023-03-24T13:10:00","guid":{"rendered":"https:\/\/www.unica.edu.pe\/noticias\/?p=21760"},"modified":"2023-03-24T09:24:36","modified_gmt":"2023-03-24T14:24:36","slug":"106o-aniversario-de-la-pontificia-universidad-catolica-del-peru","status":"publish","type":"post","link":"https:\/\/www.unica.edu.pe\/noticias\/2023\/03\/24\/106o-aniversario-de-la-pontificia-universidad-catolica-del-peru\/","title":{"rendered":"106\u00ba aniversario de la Pontificia Universidad Cat\u00f3lica del Per\u00fa"},"content":{"rendered":"\n<p><a href=\"https:\/\/www.facebook.com\/hashtag\/saludosinstitucionales?__eep__=6&amp;__cft__[0]=AZUQLTwoKlPnXQs_e1HyiHxFXJTlGSCLBIS8sdP8MB29JUBuIG_9AlDtjq-Z-QAuokjkoOeB41yN5nXvIFYOEFWAqGvfla9GRpxMnDxv3XQNP1lCI9zvMxLr5LwZZBO5HQ9KEaospBo9qped3oQOL3cikU6AceDlSwAh3JnBseK1VD-m94FT-eARbUCbYJqrRkj2WYnifOaDT1TKzLb4Fo9a&amp;__tn__=*NK-R\">#SaludosInstitucionales<\/a> | El Rector de la Universidad Nacional \u201cSan Luis Gonzaga\u201d Dr. Anselmo Magallanes Carrillo y la comunidad universitaria, tienen el agrado de expresar su saludo y felicitaci\u00f3n a las autoridades, funcionarios, trabajadores y estudiantes de la Pontificia Universidad Cat\u00f3lica del Per\u00fa, con motivo de celebrarse su 106\u00ba aniversario de vida institucional. <\/p>\n\n\n\n<figure class=\"wp-block-image size-large\"><img loading=\"lazy\" decoding=\"async\" width=\"1024\" height=\"1024\" src=\"https:\/\/www.unica.edu.pe\/noticias\/wp-content\/uploads\/2023\/03\/24-Ponticia-Universidad-Catolica-del-PeruOk-1024x1024.png\" alt=\"\" class=\"wp-image-21761\" srcset=\"https:\/\/www.unica.edu.pe\/noticias\/wp-content\/uploads\/2023\/03\/24-Ponticia-Universidad-Catolica-del-PeruOk-1024x1024.png 1024w, https:\/\/www.unica.edu.pe\/noticias\/wp-content\/uploads\/2023\/03\/24-Ponticia-Universidad-Catolica-del-PeruOk-300x300.png 300w, https:\/\/www.unica.edu.pe\/noticias\/wp-content\/uploads\/2023\/03\/24-Ponticia-Universidad-Catolica-del-PeruOk-150x150.png 150w, https:\/\/www.unica.edu.pe\/noticias\/wp-content\/uploads\/2023\/03\/24-Ponticia-Universidad-Catolica-del-PeruOk-768x768.png 768w, https:\/\/www.unica.edu.pe\/noticias\/wp-content\/uploads\/2023\/03\/24-Ponticia-Universidad-Catolica-del-PeruOk-1536x1536.png 1536w, https:\/\/www.unica.edu.pe\/noticias\/wp-content\/uploads\/2023\/03\/24-Ponticia-Universidad-Catolica-del-PeruOk-2048x2048.png 2048w, https:\/\/www.unica.edu.pe\/noticias\/wp-content\/uploads\/2023\/03\/24-Ponticia-Universidad-Catolica-del-PeruOk-100x100.png 100w\" sizes=\"auto, (max-width: 767px) 89vw, (max-width: 1000px) 54vw, (max-width: 1071px) 543px, 580px\" \/><\/figure>\n","protected":false},"excerpt":{"rendered":"<p>#SaludosInstitucionales | El Rector de la Universidad Nacional \u201cSan Luis Gonzaga\u201d Dr. Anselmo Magallanes Carrillo y la comunidad universitaria, tienen el agrado de expresar su saludo y felicitaci\u00f3n a las autoridades, funcionarios, trabajadores y estudiantes de la Pontificia Universidad Cat\u00f3lica del Per\u00fa, con motivo de celebrarse su 106\u00ba aniversario de vida institucional.<\/p>\n","protected":false},"author":4,"featured_media":0,"comment_status":"closed","ping_status":"open","sticky":false,"template":"","format":"standard","meta":{"footnotes":""},"categories":[13],"tags":[],"class_list":["post-21760","post","type-post","status-publish","format-standard","hentry","category-saludos-institucionales"],"_links":{"self":[{"href":"https:\/\/www.unica.edu.pe\/noticias\/wp-json\/wp\/v2\/posts\/21760","targetHints":{"allow":["GET"]}}],"collection":[{"href":"https:\/\/www.unica.edu.pe\/noticias\/wp-json\/wp\/v2\/posts"}],"about":[{"href":"https:\/\/www.unica.edu.pe\/noticias\/wp-json\/wp\/v2\/types\/post"}],"author":[{"embeddable":true,"href":"https:\/\/www.unica.edu.pe\/noticias\/wp-json\/wp\/v2\/users\/4"}],"replies":[{"embeddable":true,"href":"https:\/\/www.unica.edu.pe\/noticias\/wp-json\/wp\/v2\/comments?post=21760"}],"version-history":[{"count":1,"href":"https:\/\/www.unica.edu.pe\/noticias\/wp-json\/wp\/v2\/posts\/21760\/revisions"}],"predecessor-version":[{"id":21762,"href":"https:\/\/www.unica.edu.pe\/noticias\/wp-json\/wp\/v2\/posts\/21760\/revisions\/21762"}],"wp:attachment":[{"href":"https:\/\/www.unica.edu.pe\/noticias\/wp-json\/wp\/v2\/media?parent=21760"}],"wp:term":[{"taxonomy":"category","embeddable":true,"href":"https:\/\/www.unica.edu.pe\/noticias\/wp-json\/wp\/v2\/categories?post=21760"},{"taxonomy":"post_tag","embeddable":true,"href":"https:\/\/www.unica.edu.pe\/noticias\/wp-json\/wp\/v2\/tags?post=21760"}],"curies":[{"name":"wp","href":"https:\/\/api.w.org\/{rel}","templated":true}]}}