{"id":211,"date":"2018-04-19T23:06:14","date_gmt":"2018-04-19T23:06:14","guid":{"rendered":"http:\/\/www.unica.edu.pe\/noticias\/?p=211"},"modified":"2018-04-19T23:06:14","modified_gmt":"2018-04-19T23:06:14","slug":"unica-realizara-forum-la-globalizacion-y-las-competencias-en-la-educacion-superior-universitaria","status":"publish","type":"post","link":"https:\/\/www.unica.edu.pe\/noticias\/2018\/04\/19\/unica-realizara-forum-la-globalizacion-y-las-competencias-en-la-educacion-superior-universitaria\/","title":{"rendered":"UNICA REALIZAR\u00c1 F\u00d3RUM: \u201cLA GLOBALIZACI\u00d3N Y LAS COMPETENCIAS EN LA EDUCACI\u00d3N SUPERIOR UNIVERSITARIA\u201d"},"content":{"rendered":"<p>La UNICA, a trav\u00e9s de la Facultad de Contabilidad con su decano Dr. William Eberth R\u00edos Zegarra, realizar\u00e1 el viernes 20 de abril a las 6:00 p.m. en el Auditorio Ra\u00fal Porras Barrenechea que se encuentra en el Centro Cultural, el F\u00f3rum denominado La globalizaci\u00f3n y las competencias en la educaci\u00f3n superior universitaria.<\/p>\n<p>En el evento participar\u00e1n como ponentes:<\/p>\n<ul>\n<li>Maritza Arones Mayur\u00ed, Presidente de la Comisi\u00f3n de Reforma Curricular de la UNICA.<\/li>\n<li>Leopoldo Mu\u00f1ante Valenzuela, director de la Escuela Acad\u00e9mico profesional de Contabilidad y Finanzas de la Facultad de Ciencias Econ\u00f3micas y empresariales de la Universidad Ricardo Palma.<\/li>\n<li>Ingeniero comercial. Mariano Nicanor Zambrano Segovia, actual prefecto de la provincia de Manab\u00ed de la Rep\u00fablica de Ecuador.<\/li>\n<\/ul>\n<p>Como parte del evento, se har\u00e1 entrega de reconocimiento a los ponentes participantes.<\/p>\n<p style=\"text-align: right;\">Ica, 19 de abril de 2018<\/p>\n<p><img loading=\"lazy\" decoding=\"async\" class=\"alignnone wp-image-212 size-full\" src=\"https:\/\/www.unica.edu.pe\/noticias\/wp-content\/uploads\/2018\/04\/30763019_1687491347955442_4610295140483055540_n.jpg\" alt=\"\" width=\"679\" height=\"960\" srcset=\"https:\/\/www.unica.edu.pe\/noticias\/wp-content\/uploads\/2018\/04\/30763019_1687491347955442_4610295140483055540_n.jpg 679w, https:\/\/www.unica.edu.pe\/noticias\/wp-content\/uploads\/2018\/04\/30763019_1687491347955442_4610295140483055540_n-212x300.jpg 212w\" sizes=\"auto, (max-width: 679px) 100vw, 679px\" \/><\/p>\n","protected":false},"excerpt":{"rendered":"<p>La UNICA, a trav\u00e9s de la Facultad de Contabilidad con su decano Dr. William Eberth R\u00edos Zegarra, realizar\u00e1 el viernes 20 de abril a las 6:00 p.m. en el Auditorio Ra\u00fal Porras Barrenechea que se encuentra en el Centro Cultural, el F\u00f3rum denominado La globalizaci\u00f3n y las competencias en la educaci\u00f3n superior universitaria. En el &hellip; <\/p>\n<p class=\"link-more\"><a href=\"https:\/\/www.unica.edu.pe\/noticias\/2018\/04\/19\/unica-realizara-forum-la-globalizacion-y-las-competencias-en-la-educacion-superior-universitaria\/\" class=\"more-link\">Continuar leyendo<span class=\"screen-reader-text\"> \u00abUNICA REALIZAR\u00c1 F\u00d3RUM: \u201cLA GLOBALIZACI\u00d3N Y LAS COMPETENCIAS EN LA EDUCACI\u00d3N SUPERIOR UNIVERSITARIA\u201d\u00bb<\/span><\/a><\/p>\n","protected":false},"author":1,"featured_media":0,"comment_status":"open","ping_status":"open","sticky":false,"template":"","format":"standard","meta":{"footnotes":""},"categories":[1],"tags":[],"class_list":["post-211","post","type-post","status-publish","format-standard","hentry","category-sin-categoria"],"_links":{"self":[{"href":"https:\/\/www.unica.edu.pe\/noticias\/wp-json\/wp\/v2\/posts\/211","targetHints":{"allow":["GET"]}}],"collection":[{"href":"https:\/\/www.unica.edu.pe\/noticias\/wp-json\/wp\/v2\/posts"}],"about":[{"href":"https:\/\/www.unica.edu.pe\/noticias\/wp-json\/wp\/v2\/types\/post"}],"author":[{"embeddable":true,"href":"https:\/\/www.unica.edu.pe\/noticias\/wp-json\/wp\/v2\/users\/1"}],"replies":[{"embeddable":true,"href":"https:\/\/www.unica.edu.pe\/noticias\/wp-json\/wp\/v2\/comments?post=211"}],"version-history":[{"count":1,"href":"https:\/\/www.unica.edu.pe\/noticias\/wp-json\/wp\/v2\/posts\/211\/revisions"}],"predecessor-version":[{"id":213,"href":"https:\/\/www.unica.edu.pe\/noticias\/wp-json\/wp\/v2\/posts\/211\/revisions\/213"}],"wp:attachment":[{"href":"https:\/\/www.unica.edu.pe\/noticias\/wp-json\/wp\/v2\/media?parent=211"}],"wp:term":[{"taxonomy":"category","embeddable":true,"href":"https:\/\/www.unica.edu.pe\/noticias\/wp-json\/wp\/v2\/categories?post=211"},{"taxonomy":"post_tag","embeddable":true,"href":"https:\/\/www.unica.edu.pe\/noticias\/wp-json\/wp\/v2\/tags?post=211"}],"curies":[{"name":"wp","href":"https:\/\/api.w.org\/{rel}","templated":true}]}}