{"id":20953,"date":"2023-02-02T09:00:00","date_gmt":"2023-02-02T14:00:00","guid":{"rendered":"https:\/\/www.unica.edu.pe\/noticias\/?p=20953"},"modified":"2023-02-02T13:08:57","modified_gmt":"2023-02-02T18:08:57","slug":"edicion-del-diario-la-opinion-4","status":"publish","type":"post","link":"https:\/\/www.unica.edu.pe\/noticias\/2023\/02\/02\/edicion-del-diario-la-opinion-4\/","title":{"rendered":"Edici\u00f3n del diario La Opini\u00f3n"},"content":{"rendered":"\n<p><a href=\"https:\/\/www.facebook.com\/hashtag\/noticiasunica?__eep__=6&amp;__cft__[0]=AZWeQYYaDOf43DTnRf4Ria9Iub76TQ3ScalcpNOT4BAe12gouLiE-1dukeMVrVpROe0YSLK09tK37V4u4olb1ioXKlb8XpO7yOS2dzb07uEa_ZpmWoUiYqUzyvx8Xd1-qdkkvRM4sDqY6WAFDC-8b3TZe31ivuwVn5Tv77VZMlPjrm_RLPSb8qx9xfU8gkZ2bkWQKjgvChoEshscglkna2kN&amp;__tn__=*NK-R\">#NoticiasUNICA<\/a> | El diario de circulaci\u00f3n regional La Opini\u00f3n, incluye en su edici\u00f3n impresa de hoy las declaraciones del rector de la UNICA concedidas a los medios de comunicaci\u00f3n. <\/p>\n\n\n\n<figure class=\"wp-block-image size-large\"><img loading=\"lazy\" decoding=\"async\" width=\"896\" height=\"1024\" src=\"https:\/\/www.unica.edu.pe\/noticias\/wp-content\/uploads\/2023\/02\/12-896x1024.jpg\" alt=\"\" class=\"wp-image-20954\" srcset=\"https:\/\/www.unica.edu.pe\/noticias\/wp-content\/uploads\/2023\/02\/12-896x1024.jpg 896w, https:\/\/www.unica.edu.pe\/noticias\/wp-content\/uploads\/2023\/02\/12-263x300.jpg 263w, https:\/\/www.unica.edu.pe\/noticias\/wp-content\/uploads\/2023\/02\/12-768x878.jpg 768w, https:\/\/www.unica.edu.pe\/noticias\/wp-content\/uploads\/2023\/02\/12-1344x1536.jpg 1344w, https:\/\/www.unica.edu.pe\/noticias\/wp-content\/uploads\/2023\/02\/12.jpg 1654w\" sizes=\"auto, (max-width: 767px) 89vw, (max-width: 1000px) 54vw, (max-width: 1071px) 543px, 580px\" \/><\/figure>\n","protected":false},"excerpt":{"rendered":"<p>#NoticiasUNICA | El diario de circulaci\u00f3n regional La Opini\u00f3n, incluye en su edici\u00f3n impresa de hoy las declaraciones del rector de la UNICA concedidas a los medios de comunicaci\u00f3n.<\/p>\n","protected":false},"author":4,"featured_media":0,"comment_status":"closed","ping_status":"open","sticky":false,"template":"","format":"standard","meta":{"footnotes":""},"categories":[7],"tags":[],"class_list":["post-20953","post","type-post","status-publish","format-standard","hentry","category-noticias"],"_links":{"self":[{"href":"https:\/\/www.unica.edu.pe\/noticias\/wp-json\/wp\/v2\/posts\/20953","targetHints":{"allow":["GET"]}}],"collection":[{"href":"https:\/\/www.unica.edu.pe\/noticias\/wp-json\/wp\/v2\/posts"}],"about":[{"href":"https:\/\/www.unica.edu.pe\/noticias\/wp-json\/wp\/v2\/types\/post"}],"author":[{"embeddable":true,"href":"https:\/\/www.unica.edu.pe\/noticias\/wp-json\/wp\/v2\/users\/4"}],"replies":[{"embeddable":true,"href":"https:\/\/www.unica.edu.pe\/noticias\/wp-json\/wp\/v2\/comments?post=20953"}],"version-history":[{"count":1,"href":"https:\/\/www.unica.edu.pe\/noticias\/wp-json\/wp\/v2\/posts\/20953\/revisions"}],"predecessor-version":[{"id":20955,"href":"https:\/\/www.unica.edu.pe\/noticias\/wp-json\/wp\/v2\/posts\/20953\/revisions\/20955"}],"wp:attachment":[{"href":"https:\/\/www.unica.edu.pe\/noticias\/wp-json\/wp\/v2\/media?parent=20953"}],"wp:term":[{"taxonomy":"category","embeddable":true,"href":"https:\/\/www.unica.edu.pe\/noticias\/wp-json\/wp\/v2\/categories?post=20953"},{"taxonomy":"post_tag","embeddable":true,"href":"https:\/\/www.unica.edu.pe\/noticias\/wp-json\/wp\/v2\/tags?post=20953"}],"curies":[{"name":"wp","href":"https:\/\/api.w.org\/{rel}","templated":true}]}}