{"id":20383,"date":"2022-12-30T09:30:00","date_gmt":"2022-12-30T14:30:00","guid":{"rendered":"https:\/\/www.unica.edu.pe\/noticias\/?p=20383"},"modified":"2023-01-02T11:13:08","modified_gmt":"2023-01-02T16:13:08","slug":"nota-periodistica-del-diario-la-opinion-4","status":"publish","type":"post","link":"https:\/\/www.unica.edu.pe\/noticias\/2022\/12\/30\/nota-periodistica-del-diario-la-opinion-4\/","title":{"rendered":"Nota period\u00edstica del Diario la Opini\u00f3n"},"content":{"rendered":"\n<p class=\"wp-block-paragraph\"><a href=\"https:\/\/www.facebook.com\/hashtag\/difusi%C3%B3nunica?__eep__=6&amp;__cft__[0]=AZX46yDB-Ii-RivjlGOjZs23DNWhfXh3jLuxF_onGZsZ-EujrlKhwBL_92bIZ07j7ro853xhiJx90sDxenzEIsZGe6RiyyGML0Hku3P8QpRKOyJDYy4FchHj0jfO_q-YwJifOz7Um8zVhUz5z6kwwCc2Nm5zibi2g3zJhChVPcKr6vtsxGpvIQmMYeCRHuw12upy_t1s9AzR8Kp553FHW06_&amp;__tn__=*NK-R\">#Difusi\u00f3nUNICA<\/a> | Fiscal\u00eda y Polic\u00eda verifican que contin\u00faa toma de locales de la UNICA. Asi titula el diario regional La Opini\u00f3n, la informaci\u00f3n incluida en su edici\u00f3n impresa de hoy 30 de diciembre, respecto a los hechos suscitados ayer en nuestra Universidad. De igual manera incluye lo expresado por el rector Dr. Anselmo Magallanes Carrillo en la conferencia de prensa realizada en la facultad de Medicina Humana. <\/p>\n\n\n\n<figure class=\"wp-block-image size-large\"><img loading=\"lazy\" decoding=\"async\" width=\"896\" height=\"1024\" src=\"https:\/\/www.unica.edu.pe\/noticias\/wp-content\/uploads\/2023\/01\/223-896x1024.jpg\" alt=\"\" class=\"wp-image-20384\" srcset=\"https:\/\/www.unica.edu.pe\/noticias\/wp-content\/uploads\/2023\/01\/223-896x1024.jpg 896w, https:\/\/www.unica.edu.pe\/noticias\/wp-content\/uploads\/2023\/01\/223-263x300.jpg 263w, https:\/\/www.unica.edu.pe\/noticias\/wp-content\/uploads\/2023\/01\/223-768x878.jpg 768w, https:\/\/www.unica.edu.pe\/noticias\/wp-content\/uploads\/2023\/01\/223-1344x1536.jpg 1344w, https:\/\/www.unica.edu.pe\/noticias\/wp-content\/uploads\/2023\/01\/223.jpg 1654w\" sizes=\"auto, (max-width: 767px) 89vw, (max-width: 1000px) 54vw, (max-width: 1071px) 543px, 580px\" \/><\/figure>\n","protected":false},"excerpt":{"rendered":"<p>#Difusi\u00f3nUNICA | Fiscal\u00eda y Polic\u00eda verifican que contin\u00faa toma de locales de la UNICA. Asi titula el diario regional La Opini\u00f3n, la informaci\u00f3n incluida en su edici\u00f3n impresa de hoy 30 de diciembre, respecto a los hechos suscitados ayer en nuestra Universidad. De igual manera incluye lo expresado por el rector Dr. Anselmo Magallanes Carrillo &hellip; <\/p>\n<p class=\"link-more\"><a href=\"https:\/\/www.unica.edu.pe\/noticias\/2022\/12\/30\/nota-periodistica-del-diario-la-opinion-4\/\" class=\"more-link\">Continuar leyendo<span class=\"screen-reader-text\"> \u00abNota period\u00edstica del Diario la Opini\u00f3n\u00bb<\/span><\/a><\/p>\n","protected":false},"author":4,"featured_media":0,"comment_status":"closed","ping_status":"open","sticky":false,"template":"","format":"standard","meta":{"footnotes":""},"categories":[7],"tags":[],"class_list":["post-20383","post","type-post","status-publish","format-standard","hentry","category-noticias"],"_links":{"self":[{"href":"https:\/\/www.unica.edu.pe\/noticias\/wp-json\/wp\/v2\/posts\/20383","targetHints":{"allow":["GET"]}}],"collection":[{"href":"https:\/\/www.unica.edu.pe\/noticias\/wp-json\/wp\/v2\/posts"}],"about":[{"href":"https:\/\/www.unica.edu.pe\/noticias\/wp-json\/wp\/v2\/types\/post"}],"author":[{"embeddable":true,"href":"https:\/\/www.unica.edu.pe\/noticias\/wp-json\/wp\/v2\/users\/4"}],"replies":[{"embeddable":true,"href":"https:\/\/www.unica.edu.pe\/noticias\/wp-json\/wp\/v2\/comments?post=20383"}],"version-history":[{"count":1,"href":"https:\/\/www.unica.edu.pe\/noticias\/wp-json\/wp\/v2\/posts\/20383\/revisions"}],"predecessor-version":[{"id":20385,"href":"https:\/\/www.unica.edu.pe\/noticias\/wp-json\/wp\/v2\/posts\/20383\/revisions\/20385"}],"wp:attachment":[{"href":"https:\/\/www.unica.edu.pe\/noticias\/wp-json\/wp\/v2\/media?parent=20383"}],"wp:term":[{"taxonomy":"category","embeddable":true,"href":"https:\/\/www.unica.edu.pe\/noticias\/wp-json\/wp\/v2\/categories?post=20383"},{"taxonomy":"post_tag","embeddable":true,"href":"https:\/\/www.unica.edu.pe\/noticias\/wp-json\/wp\/v2\/tags?post=20383"}],"curies":[{"name":"wp","href":"https:\/\/api.w.org\/{rel}","templated":true}]}}