{"id":20368,"date":"2022-12-29T11:00:00","date_gmt":"2022-12-29T16:00:00","guid":{"rendered":"https:\/\/www.unica.edu.pe\/noticias\/?p=20368"},"modified":"2022-12-29T15:09:20","modified_gmt":"2022-12-29T20:09:20","slug":"conferencia-de-prensa-del-rector-de-la-unica","status":"publish","type":"post","link":"https:\/\/www.unica.edu.pe\/noticias\/2022\/12\/29\/conferencia-de-prensa-del-rector-de-la-unica\/","title":{"rendered":"Conferencia de Prensa del Rector de la UNICA"},"content":{"rendered":"\n<p class=\"wp-block-paragraph\"><a href=\"https:\/\/www.facebook.com\/watch\/hashtag\/conferenciaprensa?__eep__=6%2F&amp;__cft__[0]=AZXWYH7LnLkrwcqkQ4NiabogKiu3jC_22mRaeE1YMXth9056TtexIhKMUf-3CJXI_F6QF3fbnjmwtDLicG70368hOdjeebPjfXpYACmyxABEJdx3SL9dfyNEl4qj1awV7-mlBQTwpTI1A6yZhSJf31e95nsA_qrQewakp0ru_I6QVlqS5c1hyXhL-etYK5VjUKGYwl3NaLy2SnpLvXouPruw&amp;__tn__=*NK-R\">#ConferenciaPrensa<\/a>\u00a0| Conferencia de prensa donde el rector de la UNICA Dr. Anselmo Magallanes\u00a0Carrillo y decanos de las facultades explican situaci\u00f3n de la toma de locales, Informe respecto a la reuni\u00f3n con la Comisi\u00f3n de Educaci\u00f3n del Congreso de la Rep\u00fablica, e Informe de la Sunedu respecto a los decanos. <\/p>\n\n\n\n<iframe loading=\"lazy\" src=\"https:\/\/www.facebook.com\/plugins\/video.php?height=314&#038;href=https%3A%2F%2Fwww.facebook.com%2FUnicaSLG%2Fvideos%2F1419836541884665%2F&#038;show_text=false&#038;width=560&#038;t=0\" width=\"560\" height=\"314\" style=\"border:none;overflow:hidden\" scrolling=\"no\" frameborder=\"0\" allowfullscreen=\"true\" allow=\"autoplay; clipboard-write; encrypted-media; picture-in-picture; web-share\" allowFullScreen=\"true\"><\/iframe>\n\n\n\n<figure class=\"wp-block-image size-full\"><img loading=\"lazy\" decoding=\"async\" width=\"1005\" height=\"586\" src=\"https:\/\/www.unica.edu.pe\/noticias\/wp-content\/uploads\/2022\/12\/217.png\" alt=\"\" class=\"wp-image-20369\" srcset=\"https:\/\/www.unica.edu.pe\/noticias\/wp-content\/uploads\/2022\/12\/217.png 1005w, https:\/\/www.unica.edu.pe\/noticias\/wp-content\/uploads\/2022\/12\/217-300x175.png 300w, https:\/\/www.unica.edu.pe\/noticias\/wp-content\/uploads\/2022\/12\/217-768x448.png 768w\" sizes=\"auto, (max-width: 767px) 89vw, (max-width: 1000px) 54vw, (max-width: 1071px) 543px, 580px\" \/><\/figure>\n","protected":false},"excerpt":{"rendered":"<p>#ConferenciaPrensa\u00a0| Conferencia de prensa donde el rector de la UNICA Dr. Anselmo Magallanes\u00a0Carrillo y decanos de las facultades explican situaci\u00f3n de la toma de locales, Informe respecto a la reuni\u00f3n con la Comisi\u00f3n de Educaci\u00f3n del Congreso de la Rep\u00fablica, e Informe de la Sunedu respecto a los decanos.<\/p>\n","protected":false},"author":4,"featured_media":0,"comment_status":"closed","ping_status":"open","sticky":false,"template":"","format":"standard","meta":{"footnotes":""},"categories":[31],"tags":[],"class_list":["post-20368","post","type-post","status-publish","format-standard","hentry","category-conferencia-de-prensa"],"_links":{"self":[{"href":"https:\/\/www.unica.edu.pe\/noticias\/wp-json\/wp\/v2\/posts\/20368","targetHints":{"allow":["GET"]}}],"collection":[{"href":"https:\/\/www.unica.edu.pe\/noticias\/wp-json\/wp\/v2\/posts"}],"about":[{"href":"https:\/\/www.unica.edu.pe\/noticias\/wp-json\/wp\/v2\/types\/post"}],"author":[{"embeddable":true,"href":"https:\/\/www.unica.edu.pe\/noticias\/wp-json\/wp\/v2\/users\/4"}],"replies":[{"embeddable":true,"href":"https:\/\/www.unica.edu.pe\/noticias\/wp-json\/wp\/v2\/comments?post=20368"}],"version-history":[{"count":1,"href":"https:\/\/www.unica.edu.pe\/noticias\/wp-json\/wp\/v2\/posts\/20368\/revisions"}],"predecessor-version":[{"id":20370,"href":"https:\/\/www.unica.edu.pe\/noticias\/wp-json\/wp\/v2\/posts\/20368\/revisions\/20370"}],"wp:attachment":[{"href":"https:\/\/www.unica.edu.pe\/noticias\/wp-json\/wp\/v2\/media?parent=20368"}],"wp:term":[{"taxonomy":"category","embeddable":true,"href":"https:\/\/www.unica.edu.pe\/noticias\/wp-json\/wp\/v2\/categories?post=20368"},{"taxonomy":"post_tag","embeddable":true,"href":"https:\/\/www.unica.edu.pe\/noticias\/wp-json\/wp\/v2\/tags?post=20368"}],"curies":[{"name":"wp","href":"https:\/\/api.w.org\/{rel}","templated":true}]}}