{"id":19706,"date":"2022-11-30T11:50:33","date_gmt":"2022-11-30T16:50:33","guid":{"rendered":"https:\/\/www.unica.edu.pe\/noticias\/?p=19706"},"modified":"2022-12-02T11:14:28","modified_gmt":"2022-12-02T16:14:28","slug":"fortalecimiento-de-capacidades-para-la-insercion-laboral-2","status":"publish","type":"post","link":"https:\/\/www.unica.edu.pe\/noticias\/2022\/11\/30\/fortalecimiento-de-capacidades-para-la-insercion-laboral-2\/","title":{"rendered":"Fortalecimiento de capacidades para la inserci\u00f3n laboral.\u00a0"},"content":{"rendered":"<p><a class=\"x1i10hfl xjbqb8w x6umtig x1b1mbwd xaqea5y xav7gou x9f619 x1ypdohk xt0psk2 xe8uvvx xdj266r x11i5rnm xat24cr x1mh8g0r xexx8yu x4uap5 x18d9i69 xkhd6sd x16tdsg8 x1hl2dhg xggy1nq x1a2a7pz xt0b8zv x1qq9wsj xo1l8bm\" tabindex=\"0\" role=\"link\" href=\"https:\/\/www.facebook.com\/hashtag\/capacitaci%C3%B3n?__eep__=6&amp;__cft__[0]=AZWG5l3cjiFw4z_w5gOBxNQy4CnYeSRj4afQOkxIYCrJBggA4EogBqDooGUz-F_aFRTjL8sGKgTDOGJoJWJpBEoHh_2JCgmdfhkLhWPIpfY1GAmYX4qvxV2bHF8RTsgM4mrYCgpQnHtUbUk1J5yWi6Jf7E2QSOwe3YJVph9jancdpwdkpiGKNuNIDyegAB6oGFfWqWQZF79ScY3htLShoUWE&amp;__tn__=*NK-R\">#Capacitaci\u00f3n<\/a> | La direcci\u00f3n de Servicios Acad\u00e9micos invita a participar en la capacitaci\u00f3n virtual: fortalecimiento de capacidades para la inserci\u00f3n laboral.<\/p>\n<p><img loading=\"lazy\" decoding=\"async\" class=\"alignnone size-medium wp-image-19707\" src=\"https:\/\/www.unica.edu.pe\/noticias\/wp-content\/uploads\/2022\/12\/94-212x300.jpg\" alt=\"\" width=\"212\" height=\"300\" srcset=\"https:\/\/www.unica.edu.pe\/noticias\/wp-content\/uploads\/2022\/12\/94-212x300.jpg 212w, https:\/\/www.unica.edu.pe\/noticias\/wp-content\/uploads\/2022\/12\/94-723x1024.jpg 723w, https:\/\/www.unica.edu.pe\/noticias\/wp-content\/uploads\/2022\/12\/94-768x1087.jpg 768w, https:\/\/www.unica.edu.pe\/noticias\/wp-content\/uploads\/2022\/12\/94.jpg 904w\" sizes=\"auto, (max-width: 212px) 100vw, 212px\" \/><\/p>\n","protected":false},"excerpt":{"rendered":"<p>#Capacitaci\u00f3n | La direcci\u00f3n de Servicios Acad\u00e9micos invita a participar en la capacitaci\u00f3n virtual: fortalecimiento de capacidades para la inserci\u00f3n laboral.<\/p>\n","protected":false},"author":1,"featured_media":0,"comment_status":"closed","ping_status":"open","sticky":false,"template":"","format":"standard","meta":{"footnotes":""},"categories":[7],"tags":[],"class_list":["post-19706","post","type-post","status-publish","format-standard","hentry","category-noticias"],"_links":{"self":[{"href":"https:\/\/www.unica.edu.pe\/noticias\/wp-json\/wp\/v2\/posts\/19706","targetHints":{"allow":["GET"]}}],"collection":[{"href":"https:\/\/www.unica.edu.pe\/noticias\/wp-json\/wp\/v2\/posts"}],"about":[{"href":"https:\/\/www.unica.edu.pe\/noticias\/wp-json\/wp\/v2\/types\/post"}],"author":[{"embeddable":true,"href":"https:\/\/www.unica.edu.pe\/noticias\/wp-json\/wp\/v2\/users\/1"}],"replies":[{"embeddable":true,"href":"https:\/\/www.unica.edu.pe\/noticias\/wp-json\/wp\/v2\/comments?post=19706"}],"version-history":[{"count":1,"href":"https:\/\/www.unica.edu.pe\/noticias\/wp-json\/wp\/v2\/posts\/19706\/revisions"}],"predecessor-version":[{"id":19708,"href":"https:\/\/www.unica.edu.pe\/noticias\/wp-json\/wp\/v2\/posts\/19706\/revisions\/19708"}],"wp:attachment":[{"href":"https:\/\/www.unica.edu.pe\/noticias\/wp-json\/wp\/v2\/media?parent=19706"}],"wp:term":[{"taxonomy":"category","embeddable":true,"href":"https:\/\/www.unica.edu.pe\/noticias\/wp-json\/wp\/v2\/categories?post=19706"},{"taxonomy":"post_tag","embeddable":true,"href":"https:\/\/www.unica.edu.pe\/noticias\/wp-json\/wp\/v2\/tags?post=19706"}],"curies":[{"name":"wp","href":"https:\/\/api.w.org\/{rel}","templated":true}]}}