{"id":183,"date":"2018-04-12T22:01:00","date_gmt":"2018-04-12T22:01:00","guid":{"rendered":"http:\/\/www.unica.edu.pe\/noticias\/?p=183"},"modified":"2018-04-12T22:01:00","modified_gmt":"2018-04-12T22:01:00","slug":"capacitan-a-docentes-de-arquitectura-sobre-silabo-y-evaluacion-por-competencia","status":"publish","type":"post","link":"https:\/\/www.unica.edu.pe\/noticias\/2018\/04\/12\/capacitan-a-docentes-de-arquitectura-sobre-silabo-y-evaluacion-por-competencia\/","title":{"rendered":"CAPACITAN A DOCENTES DE ARQUITECTURA SOBRE SILABO Y EVALUACI\u00d3N POR COMPETENCIA"},"content":{"rendered":"<p>La presidenta de la Comisi\u00f3n Central de Reforma Curricular Dra. Maritza Arones Mayuri viene capacitando a los docentes de la Facultad de Arquitectura en temas relacionados a la elaboraci\u00f3n de s\u00edlabos e instrumentos de evaluaci\u00f3n por competencia.<\/p>\n<p>Dentro de la charla se abordan temas sobre el r\u00e9gimen de estudio, formato de silabo, carpeta personal del docente entre otros aspectos relacionados a los objetivos acad\u00e9micos de la facultad.<\/p>\n<p>Las capacitaciones realizadas por la Comisi\u00f3n Central de Reforma Curricular forman parte del proceso de licenciamiento institucional que viene promoviendo el rector Dr. Anselmo Magallanes Carrillo, con el fin de lograr las condiciones b\u00e1sicas de calidad.<\/p>\n<p><img loading=\"lazy\" decoding=\"async\" class=\"alignnone size-medium wp-image-184\" src=\"https:\/\/www.unica.edu.pe\/noticias\/wp-content\/uploads\/2018\/04\/IMG_7237-300x200.jpg\" alt=\"\" width=\"300\" height=\"200\" srcset=\"https:\/\/www.unica.edu.pe\/noticias\/wp-content\/uploads\/2018\/04\/IMG_7237-300x200.jpg 300w, https:\/\/www.unica.edu.pe\/noticias\/wp-content\/uploads\/2018\/04\/IMG_7237-768x512.jpg 768w, https:\/\/www.unica.edu.pe\/noticias\/wp-content\/uploads\/2018\/04\/IMG_7237-1024x683.jpg 1024w\" sizes=\"auto, (max-width: 300px) 100vw, 300px\" \/><\/p>\n","protected":false},"excerpt":{"rendered":"<p>La presidenta de la Comisi\u00f3n Central de Reforma Curricular Dra. Maritza Arones Mayuri viene capacitando a los docentes de la Facultad de Arquitectura en temas relacionados a la elaboraci\u00f3n de s\u00edlabos e instrumentos de evaluaci\u00f3n por competencia. Dentro de la charla se abordan temas sobre el r\u00e9gimen de estudio, formato de silabo, carpeta personal del &hellip; <\/p>\n<p class=\"link-more\"><a href=\"https:\/\/www.unica.edu.pe\/noticias\/2018\/04\/12\/capacitan-a-docentes-de-arquitectura-sobre-silabo-y-evaluacion-por-competencia\/\" class=\"more-link\">Continuar leyendo<span class=\"screen-reader-text\"> \u00abCAPACITAN A DOCENTES DE ARQUITECTURA SOBRE SILABO Y EVALUACI\u00d3N POR COMPETENCIA\u00bb<\/span><\/a><\/p>\n","protected":false},"author":1,"featured_media":0,"comment_status":"open","ping_status":"open","sticky":false,"template":"","format":"standard","meta":{"footnotes":""},"categories":[7],"tags":[],"class_list":["post-183","post","type-post","status-publish","format-standard","hentry","category-noticias"],"_links":{"self":[{"href":"https:\/\/www.unica.edu.pe\/noticias\/wp-json\/wp\/v2\/posts\/183","targetHints":{"allow":["GET"]}}],"collection":[{"href":"https:\/\/www.unica.edu.pe\/noticias\/wp-json\/wp\/v2\/posts"}],"about":[{"href":"https:\/\/www.unica.edu.pe\/noticias\/wp-json\/wp\/v2\/types\/post"}],"author":[{"embeddable":true,"href":"https:\/\/www.unica.edu.pe\/noticias\/wp-json\/wp\/v2\/users\/1"}],"replies":[{"embeddable":true,"href":"https:\/\/www.unica.edu.pe\/noticias\/wp-json\/wp\/v2\/comments?post=183"}],"version-history":[{"count":1,"href":"https:\/\/www.unica.edu.pe\/noticias\/wp-json\/wp\/v2\/posts\/183\/revisions"}],"predecessor-version":[{"id":185,"href":"https:\/\/www.unica.edu.pe\/noticias\/wp-json\/wp\/v2\/posts\/183\/revisions\/185"}],"wp:attachment":[{"href":"https:\/\/www.unica.edu.pe\/noticias\/wp-json\/wp\/v2\/media?parent=183"}],"wp:term":[{"taxonomy":"category","embeddable":true,"href":"https:\/\/www.unica.edu.pe\/noticias\/wp-json\/wp\/v2\/categories?post=183"},{"taxonomy":"post_tag","embeddable":true,"href":"https:\/\/www.unica.edu.pe\/noticias\/wp-json\/wp\/v2\/tags?post=183"}],"curies":[{"name":"wp","href":"https:\/\/api.w.org\/{rel}","templated":true}]}}