{"id":1817,"date":"2019-06-04T17:12:58","date_gmt":"2019-06-04T17:12:58","guid":{"rendered":"http:\/\/www.unica.edu.pe\/noticias\/?p=1817"},"modified":"2019-06-04T17:12:58","modified_gmt":"2019-06-04T17:12:58","slug":"i-sesion-de-asistencia-tecnica-en-el-marco-del-convenio-minedu-unica-2019","status":"publish","type":"post","link":"https:\/\/www.unica.edu.pe\/noticias\/2019\/06\/04\/i-sesion-de-asistencia-tecnica-en-el-marco-del-convenio-minedu-unica-2019\/","title":{"rendered":"I SESI\u00d3N DE ASISTENCIA T\u00c9CNICA EN EL MARCO DEL CONVENIO MINEDU \u2013 UNICA 2019"},"content":{"rendered":"<p><a class=\"_58cn\" href=\"https:\/\/www.facebook.com\/hashtag\/unica?source=feed_text&amp;epa=HASHTAG&amp;__xts__%5B0%5D=68.ARAWTC0HsM3pZqkXCYwu8-TSeFV9eGc-hX7Yzu9gXBtNINOnHfFPpyPP9wygjVSLlvI7bKMH1eGzbyXqL_hMQkWyWIdZabo-zcBb0sJZ4W63HKNy9f9IcJIR7K870QiOFMUv4PdNa--CeAJ_vGBMVs1qJgaHj57hLBL9V0sizI7-pm92-wksy6Ah32QyDKn-kCOguM7anfzwi6dwj9MMyiuWf5eU74P-RPbtTLDn1eLE3mE6woq7qEl5b5lDy90JaJnYWtLQvqeIJpjadauQufYQOTgz9oNEP2XPiw9Z6fnjQGT5mj178immym-HP4PsQA28ijNEVEN-PkWw1uDGoItsNA&amp;__tn__=%2ANK-R\" data-ft=\"{&quot;type&quot;:104,&quot;tn&quot;:&quot;*N&quot;}\"><span class=\"_5afx\"><span class=\"_58cl _5afz\" aria-label=\"hashtag\">#<\/span><span class=\"_58cm\">UNICA<\/span><\/span><\/a><\/p>\n<p>Con motivo de dar a conocer la ejecuci\u00f3n de plan de recursos aprobadas por el Ministerio de Educaci\u00f3n transferidos a la Universidad Nacional San Luis Gonzaga, se realiz\u00f3 la 1ra sesi\u00f3n de asistencia t\u00e9cnica en el marco del convenio MINEDU \u2013 UNICA 2019.<\/p>\n<p>La exposici\u00f3n estuvo a cargo de la Dra. Maribel Guti\u00e9rrez Candiotti, representante de la Direcci\u00f3n General de Educaci\u00f3n Superior Universitaria (D<span class=\"text_exposed_show\">IGESU), asistieron funcionarios de las diferentes Oficinas Generales y Oficinas Ejecutivas de la UNICA.<\/span><\/p>\n<div class=\"text_exposed_show\">\n<p>Dicha reuni\u00f3n tiene como prop\u00f3sito fundamental cumplir los indicadores de condiciones b\u00e1sicas de calidad, en el marco del proceso de Licenciamiento Institucional de la Universidad Nacional San Luis Gonzaga.<\/p>\n<p><img loading=\"lazy\" decoding=\"async\" class=\"alignnone size-medium wp-image-1818\" src=\"https:\/\/www.unica.edu.pe\/noticias\/wp-content\/uploads\/2019\/06\/47-300x200.jpg\" alt=\"\" width=\"300\" height=\"200\" srcset=\"https:\/\/www.unica.edu.pe\/noticias\/wp-content\/uploads\/2019\/06\/47-300x200.jpg 300w, https:\/\/www.unica.edu.pe\/noticias\/wp-content\/uploads\/2019\/06\/47-768x512.jpg 768w, https:\/\/www.unica.edu.pe\/noticias\/wp-content\/uploads\/2019\/06\/47.jpg 960w\" sizes=\"auto, (max-width: 300px) 100vw, 300px\" \/> <img loading=\"lazy\" decoding=\"async\" class=\"alignnone size-medium wp-image-1819\" src=\"https:\/\/www.unica.edu.pe\/noticias\/wp-content\/uploads\/2019\/06\/48-300x200.jpg\" alt=\"\" width=\"300\" height=\"200\" srcset=\"https:\/\/www.unica.edu.pe\/noticias\/wp-content\/uploads\/2019\/06\/48-300x200.jpg 300w, https:\/\/www.unica.edu.pe\/noticias\/wp-content\/uploads\/2019\/06\/48-768x512.jpg 768w, https:\/\/www.unica.edu.pe\/noticias\/wp-content\/uploads\/2019\/06\/48.jpg 960w\" sizes=\"auto, (max-width: 300px) 100vw, 300px\" \/> <img loading=\"lazy\" decoding=\"async\" class=\"alignnone size-medium wp-image-1820\" src=\"https:\/\/www.unica.edu.pe\/noticias\/wp-content\/uploads\/2019\/06\/49-300x200.jpg\" alt=\"\" width=\"300\" height=\"200\" srcset=\"https:\/\/www.unica.edu.pe\/noticias\/wp-content\/uploads\/2019\/06\/49-300x200.jpg 300w, https:\/\/www.unica.edu.pe\/noticias\/wp-content\/uploads\/2019\/06\/49-768x512.jpg 768w, https:\/\/www.unica.edu.pe\/noticias\/wp-content\/uploads\/2019\/06\/49.jpg 960w\" sizes=\"auto, (max-width: 300px) 100vw, 300px\" \/><\/p>\n<\/div>\n","protected":false},"excerpt":{"rendered":"<p>#UNICA Con motivo de dar a conocer la ejecuci\u00f3n de plan de recursos aprobadas por el Ministerio de Educaci\u00f3n transferidos a la Universidad Nacional San Luis Gonzaga, se realiz\u00f3 la 1ra sesi\u00f3n de asistencia t\u00e9cnica en el marco del convenio MINEDU \u2013 UNICA 2019. La exposici\u00f3n estuvo a cargo de la Dra. Maribel Guti\u00e9rrez Candiotti, &hellip; <\/p>\n<p class=\"link-more\"><a href=\"https:\/\/www.unica.edu.pe\/noticias\/2019\/06\/04\/i-sesion-de-asistencia-tecnica-en-el-marco-del-convenio-minedu-unica-2019\/\" class=\"more-link\">Continuar leyendo<span class=\"screen-reader-text\"> \u00abI SESI\u00d3N DE ASISTENCIA T\u00c9CNICA EN EL MARCO DEL CONVENIO MINEDU \u2013 UNICA 2019\u00bb<\/span><\/a><\/p>\n","protected":false},"author":1,"featured_media":0,"comment_status":"open","ping_status":"open","sticky":false,"template":"","format":"standard","meta":{"footnotes":""},"categories":[7],"tags":[],"class_list":["post-1817","post","type-post","status-publish","format-standard","hentry","category-noticias"],"_links":{"self":[{"href":"https:\/\/www.unica.edu.pe\/noticias\/wp-json\/wp\/v2\/posts\/1817","targetHints":{"allow":["GET"]}}],"collection":[{"href":"https:\/\/www.unica.edu.pe\/noticias\/wp-json\/wp\/v2\/posts"}],"about":[{"href":"https:\/\/www.unica.edu.pe\/noticias\/wp-json\/wp\/v2\/types\/post"}],"author":[{"embeddable":true,"href":"https:\/\/www.unica.edu.pe\/noticias\/wp-json\/wp\/v2\/users\/1"}],"replies":[{"embeddable":true,"href":"https:\/\/www.unica.edu.pe\/noticias\/wp-json\/wp\/v2\/comments?post=1817"}],"version-history":[{"count":1,"href":"https:\/\/www.unica.edu.pe\/noticias\/wp-json\/wp\/v2\/posts\/1817\/revisions"}],"predecessor-version":[{"id":1821,"href":"https:\/\/www.unica.edu.pe\/noticias\/wp-json\/wp\/v2\/posts\/1817\/revisions\/1821"}],"wp:attachment":[{"href":"https:\/\/www.unica.edu.pe\/noticias\/wp-json\/wp\/v2\/media?parent=1817"}],"wp:term":[{"taxonomy":"category","embeddable":true,"href":"https:\/\/www.unica.edu.pe\/noticias\/wp-json\/wp\/v2\/categories?post=1817"},{"taxonomy":"post_tag","embeddable":true,"href":"https:\/\/www.unica.edu.pe\/noticias\/wp-json\/wp\/v2\/tags?post=1817"}],"curies":[{"name":"wp","href":"https:\/\/api.w.org\/{rel}","templated":true}]}}