{"id":18114,"date":"2022-10-20T07:40:00","date_gmt":"2022-10-20T12:40:00","guid":{"rendered":"https:\/\/www.unica.edu.pe\/noticias\/?p=18114"},"modified":"2022-10-21T15:04:06","modified_gmt":"2022-10-21T20:04:06","slug":"universidad-nacional-san-luis-gonzaga-realizo-homenaje-al-senor-de-luren-durante-su-recorrido-procesional-realizado-el-lunes","status":"publish","type":"post","link":"https:\/\/www.unica.edu.pe\/noticias\/2022\/10\/20\/universidad-nacional-san-luis-gonzaga-realizo-homenaje-al-senor-de-luren-durante-su-recorrido-procesional-realizado-el-lunes\/","title":{"rendered":"Universidad Nacional \u00abSan Luis Gonzaga\u00bb realiz\u00f3 homenaje al Se\u00f1or de Luren durante su recorrido procesional realizado el lunes."},"content":{"rendered":"\n<p><a href=\"https:\/\/www.facebook.com\/hashtag\/se%C3%B1ordeluren?__eep__=6&amp;__cft__[0]=AZW5L58fkWBXtlpeoV_ei36D_d04bqdMvyDf9Z76NwOh4t9VPbgovxL_fhWF1Pt6T9jIJnJt5bvLuzBf0YSNaeZLexK9f_kviACSanNuZ-dkCIDc6zmmzzCvOryc0CkL9msy3JQ8IW_hov1i_LP63_1_wWQKahd73K6xq6N2rIRaXWl8cdvaQQroZudBaBLt8oUCZqWeu_S2YayF8YTaGmnTp6U6ckxaPAhgJr0_IEefCg&amp;__tn__=*NK-R\">#Se\u00f1ordeLuren<\/a> | La Universidad Nacional \u00abSan Luis Gonzaga\u00bb realiz\u00f3 homenaje al Se\u00f1or de Luren durante su recorrido procesional realizado el lunes.<\/p>\n\n\n\n<p>A este acto solemne asisti\u00f3 el rector de la UNICA Dr. Anselmo Magallanes Carrillo, el vicerrector de Investigaci\u00f3n Dr. Mart\u00edn Alarc\u00f3n Quispe, el director del CEPU Dr. Luis Artemio Mart\u00ednez Quintana, la decana de la facultad de Farmacia y Bioqu\u00edmica Dra. Martha Garc\u00eda Wong, la decana de la facultad de Arquitectura Dra. Rosario Bendez\u00fa Herencia, el decano de la facultad de Ingenier\u00eda de Sistemas Dr. Henry Genaro Guevara Garibay, directores de las diferentes direcciones, docentes, estudiantes y personal administrativo.<\/p>\n\n\n\n<figure class=\"wp-block-image size-full\"><img loading=\"lazy\" decoding=\"async\" width=\"555\" height=\"313\" src=\"https:\/\/www.unica.edu.pe\/noticias\/wp-content\/uploads\/2022\/10\/395-1.jpg\" alt=\"\" class=\"wp-image-18115\" srcset=\"https:\/\/www.unica.edu.pe\/noticias\/wp-content\/uploads\/2022\/10\/395-1.jpg 555w, https:\/\/www.unica.edu.pe\/noticias\/wp-content\/uploads\/2022\/10\/395-1-300x169.jpg 300w\" sizes=\"auto, (max-width: 555px) 100vw, 555px\" \/><\/figure>\n","protected":false},"excerpt":{"rendered":"<p>#Se\u00f1ordeLuren | La Universidad Nacional \u00abSan Luis Gonzaga\u00bb realiz\u00f3 homenaje al Se\u00f1or de Luren durante su recorrido procesional realizado el lunes. A este acto solemne asisti\u00f3 el rector de la UNICA Dr. Anselmo Magallanes Carrillo, el vicerrector de Investigaci\u00f3n Dr. Mart\u00edn Alarc\u00f3n Quispe, el director del CEPU Dr. Luis Artemio Mart\u00ednez Quintana, la decana de &hellip; <\/p>\n<p class=\"link-more\"><a href=\"https:\/\/www.unica.edu.pe\/noticias\/2022\/10\/20\/universidad-nacional-san-luis-gonzaga-realizo-homenaje-al-senor-de-luren-durante-su-recorrido-procesional-realizado-el-lunes\/\" class=\"more-link\">Continuar leyendo<span class=\"screen-reader-text\"> \u00abUniversidad Nacional \u00abSan Luis Gonzaga\u00bb realiz\u00f3 homenaje al Se\u00f1or de Luren durante su recorrido procesional realizado el lunes.\u00bb<\/span><\/a><\/p>\n","protected":false},"author":1,"featured_media":0,"comment_status":"open","ping_status":"open","sticky":false,"template":"","format":"standard","meta":{"footnotes":""},"categories":[7],"tags":[],"class_list":["post-18114","post","type-post","status-publish","format-standard","hentry","category-noticias"],"_links":{"self":[{"href":"https:\/\/www.unica.edu.pe\/noticias\/wp-json\/wp\/v2\/posts\/18114","targetHints":{"allow":["GET"]}}],"collection":[{"href":"https:\/\/www.unica.edu.pe\/noticias\/wp-json\/wp\/v2\/posts"}],"about":[{"href":"https:\/\/www.unica.edu.pe\/noticias\/wp-json\/wp\/v2\/types\/post"}],"author":[{"embeddable":true,"href":"https:\/\/www.unica.edu.pe\/noticias\/wp-json\/wp\/v2\/users\/1"}],"replies":[{"embeddable":true,"href":"https:\/\/www.unica.edu.pe\/noticias\/wp-json\/wp\/v2\/comments?post=18114"}],"version-history":[{"count":1,"href":"https:\/\/www.unica.edu.pe\/noticias\/wp-json\/wp\/v2\/posts\/18114\/revisions"}],"predecessor-version":[{"id":18116,"href":"https:\/\/www.unica.edu.pe\/noticias\/wp-json\/wp\/v2\/posts\/18114\/revisions\/18116"}],"wp:attachment":[{"href":"https:\/\/www.unica.edu.pe\/noticias\/wp-json\/wp\/v2\/media?parent=18114"}],"wp:term":[{"taxonomy":"category","embeddable":true,"href":"https:\/\/www.unica.edu.pe\/noticias\/wp-json\/wp\/v2\/categories?post=18114"},{"taxonomy":"post_tag","embeddable":true,"href":"https:\/\/www.unica.edu.pe\/noticias\/wp-json\/wp\/v2\/tags?post=18114"}],"curies":[{"name":"wp","href":"https:\/\/api.w.org\/{rel}","templated":true}]}}