{"id":18092,"date":"2022-10-20T16:05:23","date_gmt":"2022-10-20T21:05:23","guid":{"rendered":"https:\/\/www.unica.edu.pe\/noticias\/?p=18092"},"modified":"2022-10-20T16:05:57","modified_gmt":"2022-10-20T21:05:57","slug":"docentes-universitarios-presentan-libro-sobre-educacion-ambiental","status":"publish","type":"post","link":"https:\/\/www.unica.edu.pe\/noticias\/2022\/10\/20\/docentes-universitarios-presentan-libro-sobre-educacion-ambiental\/","title":{"rendered":"Docentes universitarios presentan libro sobre educaci\u00f3n ambiental"},"content":{"rendered":"\n<p>Con la presencia del vicerrector de investigaci\u00f3n Dr. Mart\u00edn Alarc\u00f3n, se hizo la presentaci\u00f3n del libro titulado Educaci\u00f3n ambiental: din\u00e1micas para la sostenibilidad, teniendo como autores a los docentes universitarios a la Dra. Antonina Garc\u00eda, Dr. Freddy Marrero y Dr. Jes\u00fas Cabel.<\/p>\n\n\n\n<p>La Dra. Antonia Garc\u00eda, dio a conocer el mensaje que brinda su libro \u201ces que cambiemos nuestras actitudes, las formas de actuar con el medio ambiente, y todo esto est\u00e1 reflejado en el libro, donde tambi\u00e9n est\u00e1n plasmados las din\u00e1micas que permitan entender a la poblaci\u00f3n, las acciones que tienen que hacer, precisamente para internalizar el cuidado del medio ambiente\u201d.<\/p>\n\n\n\n<p>Tambi\u00e9n mencion\u00f3 que el libro, \u201cde una forma l\u00fadica est\u00e1 ense\u00f1ando a todas las personas a ser agentes de cambio para la sociedad. Y que es muy importante la educaci\u00f3n ambiental\u201d.<\/p>\n\n\n\n<p>Asimismo, recalc\u00f3 que \u201cel libro toca un punto importante, la parte normativa, que est\u00e1 plasmado en documentos, pero este no se est\u00e1 ejecutando en un 100%\u201d.<\/p>\n\n\n\n<p>A\u00f1adi\u00f3 que \u201cel plan de educaci\u00f3n ambiental est\u00e1 desde sus inicios en los ni\u00f1os y que muchos de los docentes deber\u00edan hacer un trabajo m\u00e1s exhaustivo, inculcando el verdadero valor que tiene el medio ambiente, y que no se limiten en su ense\u00f1anza\u201d.<\/p>\n\n\n\n<p>Con la publicaci\u00f3n del libro se busca que los j\u00f3venes aprovechen el uso que se le da al internet para darnos cuenta de c\u00f3mo el mundo est\u00e1 cambiando y esto asociarlo a la educaci\u00f3n ambiental, generando la participaci\u00f3n de todos los j\u00f3venes.<\/p>\n\n\n\n<p><\/p>\n\n\n\n<figure class=\"wp-block-gallery has-nested-images columns-default is-cropped wp-block-gallery-1 is-layout-flex wp-block-gallery-is-layout-flex\">\n<figure class=\"wp-block-image size-large\"><img loading=\"lazy\" decoding=\"async\" width=\"1024\" height=\"683\" data-id=\"18096\" src=\"https:\/\/www.unica.edu.pe\/noticias\/wp-content\/uploads\/2022\/10\/3Q4A7483-1024x683.jpg\" alt=\"\" class=\"wp-image-18096\" srcset=\"https:\/\/www.unica.edu.pe\/noticias\/wp-content\/uploads\/2022\/10\/3Q4A7483-1024x683.jpg 1024w, https:\/\/www.unica.edu.pe\/noticias\/wp-content\/uploads\/2022\/10\/3Q4A7483-300x200.jpg 300w, https:\/\/www.unica.edu.pe\/noticias\/wp-content\/uploads\/2022\/10\/3Q4A7483-768x512.jpg 768w, https:\/\/www.unica.edu.pe\/noticias\/wp-content\/uploads\/2022\/10\/3Q4A7483-1536x1024.jpg 1536w, https:\/\/www.unica.edu.pe\/noticias\/wp-content\/uploads\/2022\/10\/3Q4A7483-2048x1365.jpg 2048w\" sizes=\"auto, (max-width: 767px) 89vw, (max-width: 1000px) 54vw, (max-width: 1071px) 543px, 580px\" \/><\/figure>\n\n\n\n<figure class=\"wp-block-image size-large\"><img loading=\"lazy\" decoding=\"async\" width=\"1024\" height=\"683\" data-id=\"18095\" src=\"https:\/\/www.unica.edu.pe\/noticias\/wp-content\/uploads\/2022\/10\/3Q4A7496-1024x683.jpg\" alt=\"\" class=\"wp-image-18095\" srcset=\"https:\/\/www.unica.edu.pe\/noticias\/wp-content\/uploads\/2022\/10\/3Q4A7496-1024x683.jpg 1024w, https:\/\/www.unica.edu.pe\/noticias\/wp-content\/uploads\/2022\/10\/3Q4A7496-300x200.jpg 300w, https:\/\/www.unica.edu.pe\/noticias\/wp-content\/uploads\/2022\/10\/3Q4A7496-768x512.jpg 768w, https:\/\/www.unica.edu.pe\/noticias\/wp-content\/uploads\/2022\/10\/3Q4A7496-1536x1024.jpg 1536w, https:\/\/www.unica.edu.pe\/noticias\/wp-content\/uploads\/2022\/10\/3Q4A7496-2048x1365.jpg 2048w\" sizes=\"auto, (max-width: 767px) 89vw, (max-width: 1000px) 54vw, (max-width: 1071px) 543px, 580px\" \/><\/figure>\n\n\n\n<figure class=\"wp-block-image size-large\"><img loading=\"lazy\" decoding=\"async\" width=\"1024\" height=\"683\" data-id=\"18093\" src=\"https:\/\/www.unica.edu.pe\/noticias\/wp-content\/uploads\/2022\/10\/3Q4A7501-1024x683.jpg\" alt=\"\" class=\"wp-image-18093\" srcset=\"https:\/\/www.unica.edu.pe\/noticias\/wp-content\/uploads\/2022\/10\/3Q4A7501-1024x683.jpg 1024w, https:\/\/www.unica.edu.pe\/noticias\/wp-content\/uploads\/2022\/10\/3Q4A7501-300x200.jpg 300w, https:\/\/www.unica.edu.pe\/noticias\/wp-content\/uploads\/2022\/10\/3Q4A7501-768x512.jpg 768w, https:\/\/www.unica.edu.pe\/noticias\/wp-content\/uploads\/2022\/10\/3Q4A7501-1536x1024.jpg 1536w, https:\/\/www.unica.edu.pe\/noticias\/wp-content\/uploads\/2022\/10\/3Q4A7501-2048x1365.jpg 2048w\" sizes=\"auto, (max-width: 767px) 89vw, (max-width: 1000px) 54vw, (max-width: 1071px) 543px, 580px\" \/><\/figure>\n\n\n\n<figure class=\"wp-block-image size-large\"><img loading=\"lazy\" decoding=\"async\" width=\"1024\" height=\"683\" data-id=\"18094\" src=\"https:\/\/www.unica.edu.pe\/noticias\/wp-content\/uploads\/2022\/10\/3Q4A7504-1024x683.jpg\" alt=\"\" class=\"wp-image-18094\" srcset=\"https:\/\/www.unica.edu.pe\/noticias\/wp-content\/uploads\/2022\/10\/3Q4A7504-1024x683.jpg 1024w, https:\/\/www.unica.edu.pe\/noticias\/wp-content\/uploads\/2022\/10\/3Q4A7504-300x200.jpg 300w, https:\/\/www.unica.edu.pe\/noticias\/wp-content\/uploads\/2022\/10\/3Q4A7504-768x512.jpg 768w, https:\/\/www.unica.edu.pe\/noticias\/wp-content\/uploads\/2022\/10\/3Q4A7504-1536x1024.jpg 1536w, https:\/\/www.unica.edu.pe\/noticias\/wp-content\/uploads\/2022\/10\/3Q4A7504-2048x1365.jpg 2048w\" sizes=\"auto, (max-width: 767px) 89vw, (max-width: 1000px) 54vw, (max-width: 1071px) 543px, 580px\" \/><\/figure>\n\n\n\n<figure class=\"wp-block-image size-large\"><img loading=\"lazy\" decoding=\"async\" width=\"1024\" height=\"683\" data-id=\"18097\" src=\"https:\/\/www.unica.edu.pe\/noticias\/wp-content\/uploads\/2022\/10\/3Q4A7530-1024x683.jpg\" alt=\"\" class=\"wp-image-18097\" srcset=\"https:\/\/www.unica.edu.pe\/noticias\/wp-content\/uploads\/2022\/10\/3Q4A7530-1024x683.jpg 1024w, https:\/\/www.unica.edu.pe\/noticias\/wp-content\/uploads\/2022\/10\/3Q4A7530-300x200.jpg 300w, https:\/\/www.unica.edu.pe\/noticias\/wp-content\/uploads\/2022\/10\/3Q4A7530-768x512.jpg 768w, https:\/\/www.unica.edu.pe\/noticias\/wp-content\/uploads\/2022\/10\/3Q4A7530-1536x1024.jpg 1536w, https:\/\/www.unica.edu.pe\/noticias\/wp-content\/uploads\/2022\/10\/3Q4A7530-2048x1365.jpg 2048w\" sizes=\"auto, (max-width: 767px) 89vw, (max-width: 1000px) 54vw, (max-width: 1071px) 543px, 580px\" \/><\/figure>\n\n\n\n<figure class=\"wp-block-image size-large\"><img loading=\"lazy\" decoding=\"async\" width=\"1024\" height=\"683\" data-id=\"18098\" src=\"https:\/\/www.unica.edu.pe\/noticias\/wp-content\/uploads\/2022\/10\/3Q4A7538-1024x683.jpg\" alt=\"\" class=\"wp-image-18098\" srcset=\"https:\/\/www.unica.edu.pe\/noticias\/wp-content\/uploads\/2022\/10\/3Q4A7538-1024x683.jpg 1024w, https:\/\/www.unica.edu.pe\/noticias\/wp-content\/uploads\/2022\/10\/3Q4A7538-300x200.jpg 300w, https:\/\/www.unica.edu.pe\/noticias\/wp-content\/uploads\/2022\/10\/3Q4A7538-768x512.jpg 768w, https:\/\/www.unica.edu.pe\/noticias\/wp-content\/uploads\/2022\/10\/3Q4A7538-1536x1024.jpg 1536w, https:\/\/www.unica.edu.pe\/noticias\/wp-content\/uploads\/2022\/10\/3Q4A7538-2048x1365.jpg 2048w\" sizes=\"auto, (max-width: 767px) 89vw, (max-width: 1000px) 54vw, (max-width: 1071px) 543px, 580px\" \/><\/figure>\n<\/figure>\n","protected":false},"excerpt":{"rendered":"<p>Con la presencia del vicerrector de investigaci\u00f3n Dr. Mart\u00edn Alarc\u00f3n, se hizo la presentaci\u00f3n del libro titulado Educaci\u00f3n ambiental: din\u00e1micas para la sostenibilidad, teniendo como autores a los docentes universitarios a la Dra. Antonina Garc\u00eda, Dr. Freddy Marrero y Dr. Jes\u00fas Cabel. La Dra. Antonia Garc\u00eda, dio a conocer el mensaje que brinda su libro &hellip; <\/p>\n<p class=\"link-more\"><a href=\"https:\/\/www.unica.edu.pe\/noticias\/2022\/10\/20\/docentes-universitarios-presentan-libro-sobre-educacion-ambiental\/\" class=\"more-link\">Continuar leyendo<span class=\"screen-reader-text\"> \u00abDocentes universitarios presentan libro sobre educaci\u00f3n ambiental\u00bb<\/span><\/a><\/p>\n","protected":false},"author":1,"featured_media":0,"comment_status":"open","ping_status":"open","sticky":false,"template":"","format":"standard","meta":{"footnotes":""},"categories":[1],"tags":[],"class_list":["post-18092","post","type-post","status-publish","format-standard","hentry","category-sin-categoria"],"_links":{"self":[{"href":"https:\/\/www.unica.edu.pe\/noticias\/wp-json\/wp\/v2\/posts\/18092","targetHints":{"allow":["GET"]}}],"collection":[{"href":"https:\/\/www.unica.edu.pe\/noticias\/wp-json\/wp\/v2\/posts"}],"about":[{"href":"https:\/\/www.unica.edu.pe\/noticias\/wp-json\/wp\/v2\/types\/post"}],"author":[{"embeddable":true,"href":"https:\/\/www.unica.edu.pe\/noticias\/wp-json\/wp\/v2\/users\/1"}],"replies":[{"embeddable":true,"href":"https:\/\/www.unica.edu.pe\/noticias\/wp-json\/wp\/v2\/comments?post=18092"}],"version-history":[{"count":2,"href":"https:\/\/www.unica.edu.pe\/noticias\/wp-json\/wp\/v2\/posts\/18092\/revisions"}],"predecessor-version":[{"id":18100,"href":"https:\/\/www.unica.edu.pe\/noticias\/wp-json\/wp\/v2\/posts\/18092\/revisions\/18100"}],"wp:attachment":[{"href":"https:\/\/www.unica.edu.pe\/noticias\/wp-json\/wp\/v2\/media?parent=18092"}],"wp:term":[{"taxonomy":"category","embeddable":true,"href":"https:\/\/www.unica.edu.pe\/noticias\/wp-json\/wp\/v2\/categories?post=18092"},{"taxonomy":"post_tag","embeddable":true,"href":"https:\/\/www.unica.edu.pe\/noticias\/wp-json\/wp\/v2\/tags?post=18092"}],"curies":[{"name":"wp","href":"https:\/\/api.w.org\/{rel}","templated":true}]}}