{"id":15219,"date":"2022-06-06T09:10:00","date_gmt":"2022-06-06T14:10:00","guid":{"rendered":"https:\/\/www.unica.edu.pe\/noticias\/?p=15219"},"modified":"2022-06-06T11:13:38","modified_gmt":"2022-06-06T16:13:38","slug":"portada-del-diario-la-opinion-destaca-la-jornada-de-limpieza-en-el-cerro-saraja-realizada-por-estudiantes-de-la-unica","status":"publish","type":"post","link":"https:\/\/www.unica.edu.pe\/noticias\/2022\/06\/06\/portada-del-diario-la-opinion-destaca-la-jornada-de-limpieza-en-el-cerro-saraja-realizada-por-estudiantes-de-la-unica\/","title":{"rendered":"Portada del Diario La Opini\u00f3n destaca la jornada de limpieza en el cerro Saraja realizada por estudiantes de la UNICA."},"content":{"rendered":"\n<p><a href=\"https:\/\/www.facebook.com\/hashtag\/difusi%C3%B3n?__eep__=6&amp;__cft__[0]=AZXw-fW5JMJRBEx_I4XT5oB4R9Hp2l1zCTtAt2NjgQHfD6m3ffuyMHiCSjnjPRs9fJhEag6fzUJ5J3AoHRNLOqjuDUgBlHRoabObABrPXLa3202tarbzzGc2NU-JRpicSW2r5zG_ikxkg9t7rNPml42QFiwc4GRxrqgLXyee7MP2UquBrUYwGU0_pnQSQjfDPsTACqsCXx0PT1Fdvho-n6yU&amp;__tn__=*NK-R\">#Difusi\u00f3n<\/a> | El diario ique\u00f1o La Opini\u00f3n,  destaca en la primera plana de su edici\u00f3n impresa del lunes 6 de junio de 2022, la jornada de limpieza en el cerro Saraja, realizada por estudiantes de la UNICA en coordinaci\u00f3n con la Municipalidad Provincial de Ica.<\/p>\n\n\n\n<p>La campa\u00f1a de recojo de residuos s\u00f3lidos en el cerro Saraja se realiz\u00f3 con ocasi\u00f3n del D\u00eda Mundial del Medio Ambiente.<\/p>\n\n\n\n<figure class=\"wp-block-image size-large\"><img loading=\"lazy\" decoding=\"async\" width=\"724\" height=\"1024\" src=\"https:\/\/www.unica.edu.pe\/noticias\/wp-content\/uploads\/2022\/06\/26-2-724x1024.jpg\" alt=\"\" class=\"wp-image-15220\" srcset=\"https:\/\/www.unica.edu.pe\/noticias\/wp-content\/uploads\/2022\/06\/26-2-724x1024.jpg 724w, https:\/\/www.unica.edu.pe\/noticias\/wp-content\/uploads\/2022\/06\/26-2-212x300.jpg 212w, https:\/\/www.unica.edu.pe\/noticias\/wp-content\/uploads\/2022\/06\/26-2-768x1086.jpg 768w, https:\/\/www.unica.edu.pe\/noticias\/wp-content\/uploads\/2022\/06\/26-2-1086x1536.jpg 1086w, https:\/\/www.unica.edu.pe\/noticias\/wp-content\/uploads\/2022\/06\/26-2.jpg 1448w\" sizes=\"auto, (max-width: 724px) 100vw, 724px\" \/><\/figure>\n\n\n\n<figure class=\"wp-block-image size-large\"><img loading=\"lazy\" decoding=\"async\" width=\"1024\" height=\"973\" src=\"https:\/\/www.unica.edu.pe\/noticias\/wp-content\/uploads\/2022\/06\/27-2-1024x973.jpg\" alt=\"\" class=\"wp-image-15221\" srcset=\"https:\/\/www.unica.edu.pe\/noticias\/wp-content\/uploads\/2022\/06\/27-2-1024x973.jpg 1024w, https:\/\/www.unica.edu.pe\/noticias\/wp-content\/uploads\/2022\/06\/27-2-300x285.jpg 300w, https:\/\/www.unica.edu.pe\/noticias\/wp-content\/uploads\/2022\/06\/27-2-768x729.jpg 768w, https:\/\/www.unica.edu.pe\/noticias\/wp-content\/uploads\/2022\/06\/27-2-1536x1459.jpg 1536w, https:\/\/www.unica.edu.pe\/noticias\/wp-content\/uploads\/2022\/06\/27-2.jpg 1754w\" sizes=\"auto, (max-width: 767px) 89vw, (max-width: 1000px) 54vw, (max-width: 1071px) 543px, 580px\" \/><\/figure>\n\n\n\n<figure class=\"wp-block-image size-large\"><img loading=\"lazy\" decoding=\"async\" width=\"724\" height=\"1024\" src=\"https:\/\/www.unica.edu.pe\/noticias\/wp-content\/uploads\/2022\/06\/26-3-724x1024.jpg\" alt=\"\" class=\"wp-image-15223\" srcset=\"https:\/\/www.unica.edu.pe\/noticias\/wp-content\/uploads\/2022\/06\/26-3-724x1024.jpg 724w, https:\/\/www.unica.edu.pe\/noticias\/wp-content\/uploads\/2022\/06\/26-3-212x300.jpg 212w, https:\/\/www.unica.edu.pe\/noticias\/wp-content\/uploads\/2022\/06\/26-3-768x1086.jpg 768w, https:\/\/www.unica.edu.pe\/noticias\/wp-content\/uploads\/2022\/06\/26-3-1086x1536.jpg 1086w, https:\/\/www.unica.edu.pe\/noticias\/wp-content\/uploads\/2022\/06\/26-3.jpg 1448w\" sizes=\"auto, (max-width: 724px) 100vw, 724px\" \/><\/figure>\n","protected":false},"excerpt":{"rendered":"<p>#Difusi\u00f3n | El diario ique\u00f1o La Opini\u00f3n, destaca en la primera plana de su edici\u00f3n impresa del lunes 6 de junio de 2022, la jornada de limpieza en el cerro Saraja, realizada por estudiantes de la UNICA en coordinaci\u00f3n con la Municipalidad Provincial de Ica. La campa\u00f1a de recojo de residuos s\u00f3lidos en el cerro &hellip; <\/p>\n<p class=\"link-more\"><a href=\"https:\/\/www.unica.edu.pe\/noticias\/2022\/06\/06\/portada-del-diario-la-opinion-destaca-la-jornada-de-limpieza-en-el-cerro-saraja-realizada-por-estudiantes-de-la-unica\/\" class=\"more-link\">Continuar leyendo<span class=\"screen-reader-text\"> \u00abPortada del Diario La Opini\u00f3n destaca la jornada de limpieza en el cerro Saraja realizada por estudiantes de la UNICA.\u00bb<\/span><\/a><\/p>\n","protected":false},"author":1,"featured_media":0,"comment_status":"open","ping_status":"open","sticky":false,"template":"","format":"standard","meta":{"footnotes":""},"categories":[7],"tags":[],"class_list":["post-15219","post","type-post","status-publish","format-standard","hentry","category-noticias"],"_links":{"self":[{"href":"https:\/\/www.unica.edu.pe\/noticias\/wp-json\/wp\/v2\/posts\/15219","targetHints":{"allow":["GET"]}}],"collection":[{"href":"https:\/\/www.unica.edu.pe\/noticias\/wp-json\/wp\/v2\/posts"}],"about":[{"href":"https:\/\/www.unica.edu.pe\/noticias\/wp-json\/wp\/v2\/types\/post"}],"author":[{"embeddable":true,"href":"https:\/\/www.unica.edu.pe\/noticias\/wp-json\/wp\/v2\/users\/1"}],"replies":[{"embeddable":true,"href":"https:\/\/www.unica.edu.pe\/noticias\/wp-json\/wp\/v2\/comments?post=15219"}],"version-history":[{"count":2,"href":"https:\/\/www.unica.edu.pe\/noticias\/wp-json\/wp\/v2\/posts\/15219\/revisions"}],"predecessor-version":[{"id":15224,"href":"https:\/\/www.unica.edu.pe\/noticias\/wp-json\/wp\/v2\/posts\/15219\/revisions\/15224"}],"wp:attachment":[{"href":"https:\/\/www.unica.edu.pe\/noticias\/wp-json\/wp\/v2\/media?parent=15219"}],"wp:term":[{"taxonomy":"category","embeddable":true,"href":"https:\/\/www.unica.edu.pe\/noticias\/wp-json\/wp\/v2\/categories?post=15219"},{"taxonomy":"post_tag","embeddable":true,"href":"https:\/\/www.unica.edu.pe\/noticias\/wp-json\/wp\/v2\/tags?post=15219"}],"curies":[{"name":"wp","href":"https:\/\/api.w.org\/{rel}","templated":true}]}}