{"id":14510,"date":"2022-05-11T18:00:00","date_gmt":"2022-05-11T23:00:00","guid":{"rendered":"https:\/\/www.unica.edu.pe\/noticias\/?p=14510"},"modified":"2022-05-12T09:46:11","modified_gmt":"2022-05-12T14:46:11","slug":"charla-de-orientacion-vocacional-e-informacion-ocupacional","status":"publish","type":"post","link":"https:\/\/www.unica.edu.pe\/noticias\/2022\/05\/11\/charla-de-orientacion-vocacional-e-informacion-ocupacional\/","title":{"rendered":"CHARLA DE ORIENTACI\u00d3N VOCACIONAL E INFORMACI\u00d3N OCUPACIONAL"},"content":{"rendered":"\n<p><a href=\"https:\/\/www.facebook.com\/hashtag\/charla?__eep__=6&amp;__cft__[0]=AZXLIfe3dKmxvh8BooAlD7GEWhXC-FMK0tI_q5TzEbZ-uVllsl7pxArpBR0OSeafyH4MN_Pz-0OqTSInjJlO4ecT8EXLt5hKmJp0lwZM95c7FPC1CiIWtEYyVKXNsKDUkgRV-hd5R9E8qyivC8AOZKW0TZhg-wVLGqK_2USj35U-5Zvo9QaINygEuwPFBbdRYuk&amp;__tn__=*NK-R\">#Charla<\/a> | La Direcci\u00f3n de Responsabilidad Social Universitaria, Proyecci\u00f3n Social y Extensi\u00f3n Cultural, a trav\u00e9s del \u00c1rea de Proyecci\u00f3n Social y Extensi\u00f3n Cultural, organiza una CHARLA DE ORIENTACI\u00d3N VOCACIONAL E INFORMACI\u00d3N OCUPACIONAL dirigido a los estudiantes y p\u00fablico en general en coordinaci\u00f3n con la Comisi\u00f3n Ejecutiva Central de Admisi\u00f3n, el mismo que se llevar\u00e1 a cabo a trav\u00e9s de la Plataforma de Zoom.<\/p>\n\n\n\n<p><img loading=\"lazy\" decoding=\"async\" height=\"16\" width=\"16\" src=\"https:\/\/static.xx.fbcdn.net\/images\/emoji.php\/v9\/tff\/1\/16\/1f4c6.png\" alt=\"\ud83d\udcc6\"> Fecha: 14 de Mayo del 2022<\/p>\n\n\n\n<p><img loading=\"lazy\" decoding=\"async\" height=\"16\" width=\"16\" src=\"https:\/\/static.xx.fbcdn.net\/images\/emoji.php\/v9\/t34\/1\/16\/23f0.png\" alt=\"\u23f0\"> Hora: 10:30 A.M.<\/p>\n\n\n\n<p>Link de Inscripci\u00f3n:<\/p>\n\n\n\n<p><a rel=\"noreferrer noopener\" href=\"https:\/\/l.facebook.com\/l.php?u=https%3A%2F%2Fforms.gle%2FWbMgrqscxzKdqo1r9%3Ffbclid%3DIwAR0DjRcgcpdwyEA691LfzZ1em-mNCJnOfCy9tYDVluwxsFWYGw0t31u8Pxo&amp;h=AT01d4JwMKIdGAVLgNEnTBs-fIHsSMpUoDaxaVDj7tuuSvmfz2aJ_N6vb3RrrolGRWZGyyEWvmJQZP25lHpPOD3zfTaqLuBCoq2Mtq-XqfYM3Yyr4D5M3WiU12P90mMbU9T9&amp;__tn__=-UK-R&amp;c[0]=AT306E0AzTxs83KVch7o5F7yZXPhKFd4xgHY68diQ4hDsbrvzLT5K0v1S1r3LerWY6_Dxupqt-60IXjQXNvMB8FJw-4-m2E9PRM9ZqyKh4SsnES09gk1BvW0tgkLULDgRlnYyzqXY5Gta_OT_GBAVI_veTIrqHRuHgxUXJZgOfx01YBSJUAA3-cfqZcLLtm1b_lF4L4\" target=\"_blank\">https:\/\/forms.gle\/WbMgrqscxzKdqo1r9<\/a><\/p>\n\n\n\n<figure class=\"wp-block-image size-large\"><img loading=\"lazy\" decoding=\"async\" width=\"723\" height=\"1024\" src=\"https:\/\/www.unica.edu.pe\/noticias\/wp-content\/uploads\/2022\/05\/80-1-723x1024.jpg\" alt=\"\" class=\"wp-image-14511\" srcset=\"https:\/\/www.unica.edu.pe\/noticias\/wp-content\/uploads\/2022\/05\/80-1-723x1024.jpg 723w, https:\/\/www.unica.edu.pe\/noticias\/wp-content\/uploads\/2022\/05\/80-1-212x300.jpg 212w, https:\/\/www.unica.edu.pe\/noticias\/wp-content\/uploads\/2022\/05\/80-1-768x1087.jpg 768w, https:\/\/www.unica.edu.pe\/noticias\/wp-content\/uploads\/2022\/05\/80-1.jpg 904w\" sizes=\"auto, (max-width: 723px) 100vw, 723px\" \/><\/figure>\n","protected":false},"excerpt":{"rendered":"<p>#Charla | La Direcci\u00f3n de Responsabilidad Social Universitaria, Proyecci\u00f3n Social y Extensi\u00f3n Cultural, a trav\u00e9s del \u00c1rea de Proyecci\u00f3n Social y Extensi\u00f3n Cultural, organiza una CHARLA DE ORIENTACI\u00d3N VOCACIONAL E INFORMACI\u00d3N OCUPACIONAL dirigido a los estudiantes y p\u00fablico en general en coordinaci\u00f3n con la Comisi\u00f3n Ejecutiva Central de Admisi\u00f3n, el mismo que se llevar\u00e1 a &hellip; <\/p>\n<p class=\"link-more\"><a href=\"https:\/\/www.unica.edu.pe\/noticias\/2022\/05\/11\/charla-de-orientacion-vocacional-e-informacion-ocupacional\/\" class=\"more-link\">Continuar leyendo<span class=\"screen-reader-text\"> \u00abCHARLA DE ORIENTACI\u00d3N VOCACIONAL E INFORMACI\u00d3N OCUPACIONAL\u00bb<\/span><\/a><\/p>\n","protected":false},"author":1,"featured_media":0,"comment_status":"open","ping_status":"open","sticky":false,"template":"","format":"standard","meta":{"footnotes":""},"categories":[7],"tags":[],"class_list":["post-14510","post","type-post","status-publish","format-standard","hentry","category-noticias"],"_links":{"self":[{"href":"https:\/\/www.unica.edu.pe\/noticias\/wp-json\/wp\/v2\/posts\/14510","targetHints":{"allow":["GET"]}}],"collection":[{"href":"https:\/\/www.unica.edu.pe\/noticias\/wp-json\/wp\/v2\/posts"}],"about":[{"href":"https:\/\/www.unica.edu.pe\/noticias\/wp-json\/wp\/v2\/types\/post"}],"author":[{"embeddable":true,"href":"https:\/\/www.unica.edu.pe\/noticias\/wp-json\/wp\/v2\/users\/1"}],"replies":[{"embeddable":true,"href":"https:\/\/www.unica.edu.pe\/noticias\/wp-json\/wp\/v2\/comments?post=14510"}],"version-history":[{"count":1,"href":"https:\/\/www.unica.edu.pe\/noticias\/wp-json\/wp\/v2\/posts\/14510\/revisions"}],"predecessor-version":[{"id":14512,"href":"https:\/\/www.unica.edu.pe\/noticias\/wp-json\/wp\/v2\/posts\/14510\/revisions\/14512"}],"wp:attachment":[{"href":"https:\/\/www.unica.edu.pe\/noticias\/wp-json\/wp\/v2\/media?parent=14510"}],"wp:term":[{"taxonomy":"category","embeddable":true,"href":"https:\/\/www.unica.edu.pe\/noticias\/wp-json\/wp\/v2\/categories?post=14510"},{"taxonomy":"post_tag","embeddable":true,"href":"https:\/\/www.unica.edu.pe\/noticias\/wp-json\/wp\/v2\/tags?post=14510"}],"curies":[{"name":"wp","href":"https:\/\/api.w.org\/{rel}","templated":true}]}}