{"id":14507,"date":"2022-05-11T12:00:00","date_gmt":"2022-05-11T17:00:00","guid":{"rendered":"https:\/\/www.unica.edu.pe\/noticias\/?p=14507"},"modified":"2022-05-12T09:29:53","modified_gmt":"2022-05-12T14:29:53","slug":"webinar-la-salud-mental-y-el-retorno-a-las-aulas-universitarias","status":"publish","type":"post","link":"https:\/\/www.unica.edu.pe\/noticias\/2022\/05\/11\/webinar-la-salud-mental-y-el-retorno-a-las-aulas-universitarias\/","title":{"rendered":"#Webinar La salud mental y el retorno a las aulas universitarias."},"content":{"rendered":"\n<p><a href=\"https:\/\/www.facebook.com\/hashtag\/webinar?__eep__=6&amp;__cft__[0]=AZXpkcydqSQ2gttrkrwkSb70vd369N61sbhTpbIJMNA44gQdHOV4l7Y-0LFadrwIKfnZBAyhYqTDeALsfccr5gFd9DyDfEEAnUE6rxzdPx8E3rS8wp6PpmXhDdhvNTAKsAAsymdu97y-JUQpu02F_gvpC5ZCaCMkvd_XO6zuAI3xE7nmnxQMylNDIrjG3wpBDl4&amp;__tn__=*NK-R\">#Webinar<\/a> | La salud mental y el retorno a las aulas universitarias.<\/p>\n\n\n\n<p> <img loading=\"lazy\" decoding=\"async\" height=\"16\" width=\"16\" src=\"https:\/\/static.xx.fbcdn.net\/images\/emoji.php\/v9\/t5c\/1\/16\/1f5d3.png\" alt=\"\ud83d\uddd3\"> Mi\u00e9rcoles 12 de mayo de 2022.<\/p>\n\n\n\n<p><img loading=\"lazy\" decoding=\"async\" height=\"16\" width=\"16\" src=\"https:\/\/static.xx.fbcdn.net\/images\/emoji.php\/v9\/t2d\/1\/16\/1f555.png\" alt=\"\ud83d\udd55\"> 2:00 p. m.<\/p>\n\n\n\n<p>Transmisi\u00f3n mediante Facebook: @mineduperu<\/p>\n\n\n\n<p><img loading=\"lazy\" decoding=\"async\" height=\"16\" width=\"16\" src=\"https:\/\/static.xx.fbcdn.net\/images\/emoji.php\/v9\/tdd\/1\/16\/270d_1f3fb.png\" alt=\"\u270d\ud83c\udffb\"> Link de inscripci\u00f3n: <a rel=\"noreferrer noopener\" href=\"https:\/\/bit.ly\/3KYTCUl?fbclid=IwAR1CU1Pzk8gH1jWvwV3hH6HIFMfNKNk-3V57EAsziBClVoDTRT9mEy4BUuc\" target=\"_blank\">https:\/\/bit.ly\/3KYTCUl<\/a><\/p>\n\n\n\n<figure class=\"wp-block-image size-large\"><img loading=\"lazy\" decoding=\"async\" width=\"433\" height=\"1024\" src=\"https:\/\/www.unica.edu.pe\/noticias\/wp-content\/uploads\/2022\/05\/77-1-433x1024.jpg\" alt=\"\" class=\"wp-image-14508\" srcset=\"https:\/\/www.unica.edu.pe\/noticias\/wp-content\/uploads\/2022\/05\/77-1-433x1024.jpg 433w, https:\/\/www.unica.edu.pe\/noticias\/wp-content\/uploads\/2022\/05\/77-1-127x300.jpg 127w, https:\/\/www.unica.edu.pe\/noticias\/wp-content\/uploads\/2022\/05\/77-1-768x1818.jpg 768w, https:\/\/www.unica.edu.pe\/noticias\/wp-content\/uploads\/2022\/05\/77-1-649x1536.jpg 649w, https:\/\/www.unica.edu.pe\/noticias\/wp-content\/uploads\/2022\/05\/77-1.jpg 865w\" sizes=\"auto, (max-width: 433px) 100vw, 433px\" \/><\/figure>\n","protected":false},"excerpt":{"rendered":"<p>#Webinar | La salud mental y el retorno a las aulas universitarias. Mi\u00e9rcoles 12 de mayo de 2022. 2:00 p. m. Transmisi\u00f3n mediante Facebook: @mineduperu Link de inscripci\u00f3n: https:\/\/bit.ly\/3KYTCUl<\/p>\n","protected":false},"author":1,"featured_media":0,"comment_status":"open","ping_status":"open","sticky":false,"template":"","format":"standard","meta":{"footnotes":""},"categories":[7],"tags":[],"class_list":["post-14507","post","type-post","status-publish","format-standard","hentry","category-noticias"],"_links":{"self":[{"href":"https:\/\/www.unica.edu.pe\/noticias\/wp-json\/wp\/v2\/posts\/14507","targetHints":{"allow":["GET"]}}],"collection":[{"href":"https:\/\/www.unica.edu.pe\/noticias\/wp-json\/wp\/v2\/posts"}],"about":[{"href":"https:\/\/www.unica.edu.pe\/noticias\/wp-json\/wp\/v2\/types\/post"}],"author":[{"embeddable":true,"href":"https:\/\/www.unica.edu.pe\/noticias\/wp-json\/wp\/v2\/users\/1"}],"replies":[{"embeddable":true,"href":"https:\/\/www.unica.edu.pe\/noticias\/wp-json\/wp\/v2\/comments?post=14507"}],"version-history":[{"count":1,"href":"https:\/\/www.unica.edu.pe\/noticias\/wp-json\/wp\/v2\/posts\/14507\/revisions"}],"predecessor-version":[{"id":14509,"href":"https:\/\/www.unica.edu.pe\/noticias\/wp-json\/wp\/v2\/posts\/14507\/revisions\/14509"}],"wp:attachment":[{"href":"https:\/\/www.unica.edu.pe\/noticias\/wp-json\/wp\/v2\/media?parent=14507"}],"wp:term":[{"taxonomy":"category","embeddable":true,"href":"https:\/\/www.unica.edu.pe\/noticias\/wp-json\/wp\/v2\/categories?post=14507"},{"taxonomy":"post_tag","embeddable":true,"href":"https:\/\/www.unica.edu.pe\/noticias\/wp-json\/wp\/v2\/tags?post=14507"}],"curies":[{"name":"wp","href":"https:\/\/api.w.org\/{rel}","templated":true}]}}