{"id":14242,"date":"2022-04-27T22:00:00","date_gmt":"2022-04-28T03:00:00","guid":{"rendered":"https:\/\/www.unica.edu.pe\/noticias\/?p=14242"},"modified":"2022-04-29T14:05:26","modified_gmt":"2022-04-29T19:05:26","slug":"condolencias-67","status":"publish","type":"post","link":"https:\/\/www.unica.edu.pe\/noticias\/2022\/04\/27\/condolencias-67\/","title":{"rendered":"CONDOLENCIAS"},"content":{"rendered":"\n<p><img loading=\"lazy\" decoding=\"async\" height=\"16\" width=\"16\" src=\"https:\/\/static.xx.fbcdn.net\/images\/emoji.php\/v9\/tb1\/1\/16\/2626.png\" alt=\"\u2626\ufe0f\"> CONDOLENCIAS <img loading=\"lazy\" decoding=\"async\" height=\"16\" width=\"16\" src=\"https:\/\/static.xx.fbcdn.net\/images\/emoji.php\/v9\/tb1\/1\/16\/2626.png\" alt=\"\u2626\ufe0f\"> | La Universidad Nacional \u201cSan Luis Gonzaga\u201d, expresa las m\u00e1s sentidas condolencias al docente de la facultad de Contabilidad Mag. Alonso Donayre Choque, por la irreparable p\u00e9rdida de su se\u00f1or padre quien en vida fue: NICOMEDES PORFIRIO DONAYRE MEDINA.<\/p>\n\n\n\n<figure class=\"wp-block-image size-large\"><img loading=\"lazy\" decoding=\"async\" width=\"1024\" height=\"968\" src=\"https:\/\/www.unica.edu.pe\/noticias\/wp-content\/uploads\/2022\/04\/53-3-1024x968.jpg\" alt=\"\" class=\"wp-image-14243\" srcset=\"https:\/\/www.unica.edu.pe\/noticias\/wp-content\/uploads\/2022\/04\/53-3-1024x968.jpg 1024w, https:\/\/www.unica.edu.pe\/noticias\/wp-content\/uploads\/2022\/04\/53-3-300x284.jpg 300w, https:\/\/www.unica.edu.pe\/noticias\/wp-content\/uploads\/2022\/04\/53-3-768x726.jpg 768w, https:\/\/www.unica.edu.pe\/noticias\/wp-content\/uploads\/2022\/04\/53-3.jpg 1100w\" sizes=\"auto, (max-width: 767px) 89vw, (max-width: 1000px) 54vw, (max-width: 1071px) 543px, 580px\" \/><\/figure>\n","protected":false},"excerpt":{"rendered":"<p>CONDOLENCIAS | La Universidad Nacional \u201cSan Luis Gonzaga\u201d, expresa las m\u00e1s sentidas condolencias al docente de la facultad de Contabilidad Mag. Alonso Donayre Choque, por la irreparable p\u00e9rdida de su se\u00f1or padre quien en vida fue: NICOMEDES PORFIRIO DONAYRE MEDINA.<\/p>\n","protected":false},"author":1,"featured_media":0,"comment_status":"open","ping_status":"open","sticky":false,"template":"","format":"standard","meta":{"footnotes":""},"categories":[9],"tags":[],"class_list":["post-14242","post","type-post","status-publish","format-standard","hentry","category-condolencias"],"_links":{"self":[{"href":"https:\/\/www.unica.edu.pe\/noticias\/wp-json\/wp\/v2\/posts\/14242","targetHints":{"allow":["GET"]}}],"collection":[{"href":"https:\/\/www.unica.edu.pe\/noticias\/wp-json\/wp\/v2\/posts"}],"about":[{"href":"https:\/\/www.unica.edu.pe\/noticias\/wp-json\/wp\/v2\/types\/post"}],"author":[{"embeddable":true,"href":"https:\/\/www.unica.edu.pe\/noticias\/wp-json\/wp\/v2\/users\/1"}],"replies":[{"embeddable":true,"href":"https:\/\/www.unica.edu.pe\/noticias\/wp-json\/wp\/v2\/comments?post=14242"}],"version-history":[{"count":1,"href":"https:\/\/www.unica.edu.pe\/noticias\/wp-json\/wp\/v2\/posts\/14242\/revisions"}],"predecessor-version":[{"id":14244,"href":"https:\/\/www.unica.edu.pe\/noticias\/wp-json\/wp\/v2\/posts\/14242\/revisions\/14244"}],"wp:attachment":[{"href":"https:\/\/www.unica.edu.pe\/noticias\/wp-json\/wp\/v2\/media?parent=14242"}],"wp:term":[{"taxonomy":"category","embeddable":true,"href":"https:\/\/www.unica.edu.pe\/noticias\/wp-json\/wp\/v2\/categories?post=14242"},{"taxonomy":"post_tag","embeddable":true,"href":"https:\/\/www.unica.edu.pe\/noticias\/wp-json\/wp\/v2\/tags?post=14242"}],"curies":[{"name":"wp","href":"https:\/\/api.w.org\/{rel}","templated":true}]}}