{"id":14043,"date":"2022-04-18T08:10:00","date_gmt":"2022-04-18T13:10:00","guid":{"rendered":"https:\/\/www.unica.edu.pe\/noticias\/?p=14043"},"modified":"2022-04-20T11:06:11","modified_gmt":"2022-04-20T16:06:11","slug":"del-18-de-abril-al-01-de-mayo-feria-internacional-del-libro-de-ica-abraham-valdelomar","status":"publish","type":"post","link":"https:\/\/www.unica.edu.pe\/noticias\/2022\/04\/18\/del-18-de-abril-al-01-de-mayo-feria-internacional-del-libro-de-ica-abraham-valdelomar\/","title":{"rendered":"Del 18 de abril al 01 de mayo Feria Internacional del Libro de Ica Abraham Valdelomar."},"content":{"rendered":"\n<p><a href=\"https:\/\/www.facebook.com\/hashtag\/semilleros?__eep__=6&amp;__cft__[0]=AZVPJmuQ4nZthB7dxcuM8tqtxmoYJdwFaMxqZa-QRzhFZKwoZYT3R6yVR0q5Te_JwaO8pjVUFceZ_1OKMSkKPSlhIcgyFzz0-B5gFK5-_FYjHxE9v3BWW6LaN4_2VGWoU6CkkYkJaz2tkqq3w7GytEMiqKH4dKiB8ypqkpwU1_XzPgYP0a0BjIOeoW_cDhUbCqA&amp;__tn__=*NK-R\">#Semilleros<\/a> | <a href=\"https:\/\/www.facebook.com\/hashtag\/filica?__eep__=6&amp;__cft__[0]=AZVPJmuQ4nZthB7dxcuM8tqtxmoYJdwFaMxqZa-QRzhFZKwoZYT3R6yVR0q5Te_JwaO8pjVUFceZ_1OKMSkKPSlhIcgyFzz0-B5gFK5-_FYjHxE9v3BWW6LaN4_2VGWoU6CkkYkJaz2tkqq3w7GytEMiqKH4dKiB8ypqkpwU1_XzPgYP0a0BjIOeoW_cDhUbCqA&amp;__tn__=*NK-R\">#FILICA<\/a> La Feria Internacional del Libro de Ica Abraham Valdelomar, se desarrollar\u00e1 del lunes 18 de abril al 01 de mayo de 2022. El lugar, la misma Plaza de Armas de la ciudad de Ica, y el Canal Museal estar\u00e1 presente el d\u00eda inaugural de la FIL ICA con la presentaci\u00f3n de: PEQUE\u00d1OS OBJETOS, GRANDES HISTORIAS. <\/p>\n\n\n\n<p>MANUAL DE MUSEOS ESCOLARES PARA ESCOLARES CURIOSOS. <\/p>\n\n\n\n<p>En la mesa estar\u00e1n Teresa Arias Rojas y Daniel Contreras M., y como invitada especial tendr\u00e1n la participaci\u00f3n de la arque\u00f3loga Susana Arce, Directora del Museo Regional de Ica.<\/p>\n\n\n\n<p>\u00a1Habr\u00e1 sorteo de ejemplares entre los asistentes!.<\/p>\n\n\n\n<p>FECHA: LUNES 18 DE ABRIL DE 2022<\/p>\n\n\n\n<p>HORA: 7 DE LA NOCHE<\/p>\n\n\n\n<p>LUGAR: PLAZA DE ARMAS DE ICA<\/p>\n\n\n\n<p>Empieza la cuenta regresiva: <\/p>\n\n\n\n<p><img loading=\"lazy\" decoding=\"async\" height=\"16\" width=\"16\" src=\"https:\/\/static.xx.fbcdn.net\/images\/emoji.php\/v9\/t9b\/1\/16\/1f6d1.png\" alt=\"\ud83d\uded1\">FIL ICA 2022 <img loading=\"lazy\" decoding=\"async\" height=\"16\" width=\"16\" src=\"https:\/\/static.xx.fbcdn.net\/images\/emoji.php\/v9\/t4f\/1\/16\/1f447.png\" alt=\"\ud83d\udc47\"><\/p>\n\n\n\n<p><img loading=\"lazy\" decoding=\"async\" height=\"16\" width=\"16\" src=\"https:\/\/static.xx.fbcdn.net\/images\/emoji.php\/v9\/te2\/1\/16\/270d.png\" alt=\"\u270d\ufe0f\">Del 18 abril al 1 de mayo<\/p>\n\n\n\n<p><img loading=\"lazy\" decoding=\"async\" height=\"16\" width=\"16\" src=\"https:\/\/static.xx.fbcdn.net\/images\/emoji.php\/v9\/t51\/1\/16\/1f449.png\" alt=\"\ud83d\udc49\">Plaza de Armas de Ica<\/p>\n\n\n\n<p>Tambi\u00e9n los estudiantes de arqueolog\u00eda har\u00e1n presencia en la feria como voluntarios culturalesy con un conversatorio y un stand de libros. <img loading=\"lazy\" decoding=\"async\" height=\"16\" width=\"16\" src=\"https:\/\/static.xx.fbcdn.net\/images\/emoji.php\/v9\/tba\/1\/16\/1f4e3.png\" alt=\"\ud83d\udce3\"><img loading=\"lazy\" decoding=\"async\" height=\"16\" width=\"16\" src=\"https:\/\/static.xx.fbcdn.net\/images\/emoji.php\/v9\/t30\/1\/16\/1f514.png\" alt=\"\ud83d\udd14\"><\/p>\n\n\n\n<p>Programaci\u00f3n de la feria: <a rel=\"noreferrer noopener\" href=\"https:\/\/l.facebook.com\/l.php?u=https%3A%2F%2Ffilica.pe%2Ffiles%2Fpro_filica2022.pdf%3Ffbclid%3DIwAR2pVIqIPcw-ocFBU6kOEN1qbpJju2Dxrt_wGQ-OX4if7Rhvd3yHn5cFk2s&amp;h=AT25OWjC5JzlLC58FzOAOsUyk607D-kwPzutmrLh1m8K8pj30fgR_IrICjslQProzXYoEcvlsIRjTN9hnsCEmBaJIbpBqcDhWKa8udgdWIqx3dTKGGHXaZbeCLLL7aYt08zS&amp;__tn__=-UK-R&amp;c[0]=AT3u6XqERxe1oRjqCDe14uskTY1N0_VxQktHA1AXaBbcqDoX6Cfp3bmNrxw45FWDhFx1gYG52gfuVKeXC8ElMl7wZN67vUmVrnrhlDmuxQVFtwvUcBNTTeS1_7MHLD7lXuHLx0zpQtLg27Nl1DAJcq4PraNWxnXx0nDfwIO6rGsHUVuPOPy2CfGD5F4Wu4hpgNIBasE\" target=\"_blank\">https:\/\/filica.pe\/files\/pro_filica2022.pdf<\/a><\/p>\n\n\n\n<figure class=\"wp-block-image size-large\"><img loading=\"lazy\" decoding=\"async\" width=\"1024\" height=\"576\" src=\"https:\/\/www.unica.edu.pe\/noticias\/wp-content\/uploads\/2022\/04\/82-1-1024x576.jpg\" alt=\"\" class=\"wp-image-14044\" srcset=\"https:\/\/www.unica.edu.pe\/noticias\/wp-content\/uploads\/2022\/04\/82-1-1024x576.jpg 1024w, https:\/\/www.unica.edu.pe\/noticias\/wp-content\/uploads\/2022\/04\/82-1-300x169.jpg 300w, https:\/\/www.unica.edu.pe\/noticias\/wp-content\/uploads\/2022\/04\/82-1-768x432.jpg 768w, https:\/\/www.unica.edu.pe\/noticias\/wp-content\/uploads\/2022\/04\/82-1-1536x864.jpg 1536w, https:\/\/www.unica.edu.pe\/noticias\/wp-content\/uploads\/2022\/04\/82-1.jpg 1600w\" sizes=\"auto, (max-width: 767px) 89vw, (max-width: 1000px) 54vw, (max-width: 1071px) 543px, 580px\" \/><\/figure>\n","protected":false},"excerpt":{"rendered":"<p>#Semilleros | #FILICA La Feria Internacional del Libro de Ica Abraham Valdelomar, se desarrollar\u00e1 del lunes 18 de abril al 01 de mayo de 2022. El lugar, la misma Plaza de Armas de la ciudad de Ica, y el Canal Museal estar\u00e1 presente el d\u00eda inaugural de la FIL ICA con la presentaci\u00f3n de: PEQUE\u00d1OS &hellip; <\/p>\n<p class=\"link-more\"><a href=\"https:\/\/www.unica.edu.pe\/noticias\/2022\/04\/18\/del-18-de-abril-al-01-de-mayo-feria-internacional-del-libro-de-ica-abraham-valdelomar\/\" class=\"more-link\">Continuar leyendo<span class=\"screen-reader-text\"> \u00abDel 18 de abril al 01 de mayo Feria Internacional del Libro de Ica Abraham Valdelomar.\u00bb<\/span><\/a><\/p>\n","protected":false},"author":1,"featured_media":0,"comment_status":"open","ping_status":"open","sticky":false,"template":"","format":"standard","meta":{"footnotes":""},"categories":[7],"tags":[],"class_list":["post-14043","post","type-post","status-publish","format-standard","hentry","category-noticias"],"_links":{"self":[{"href":"https:\/\/www.unica.edu.pe\/noticias\/wp-json\/wp\/v2\/posts\/14043","targetHints":{"allow":["GET"]}}],"collection":[{"href":"https:\/\/www.unica.edu.pe\/noticias\/wp-json\/wp\/v2\/posts"}],"about":[{"href":"https:\/\/www.unica.edu.pe\/noticias\/wp-json\/wp\/v2\/types\/post"}],"author":[{"embeddable":true,"href":"https:\/\/www.unica.edu.pe\/noticias\/wp-json\/wp\/v2\/users\/1"}],"replies":[{"embeddable":true,"href":"https:\/\/www.unica.edu.pe\/noticias\/wp-json\/wp\/v2\/comments?post=14043"}],"version-history":[{"count":1,"href":"https:\/\/www.unica.edu.pe\/noticias\/wp-json\/wp\/v2\/posts\/14043\/revisions"}],"predecessor-version":[{"id":14045,"href":"https:\/\/www.unica.edu.pe\/noticias\/wp-json\/wp\/v2\/posts\/14043\/revisions\/14045"}],"wp:attachment":[{"href":"https:\/\/www.unica.edu.pe\/noticias\/wp-json\/wp\/v2\/media?parent=14043"}],"wp:term":[{"taxonomy":"category","embeddable":true,"href":"https:\/\/www.unica.edu.pe\/noticias\/wp-json\/wp\/v2\/categories?post=14043"},{"taxonomy":"post_tag","embeddable":true,"href":"https:\/\/www.unica.edu.pe\/noticias\/wp-json\/wp\/v2\/tags?post=14043"}],"curies":[{"name":"wp","href":"https:\/\/api.w.org\/{rel}","templated":true}]}}