{"id":13657,"date":"2022-03-24T15:00:00","date_gmt":"2022-03-24T20:00:00","guid":{"rendered":"https:\/\/www.unica.edu.pe\/noticias\/?p=13657"},"modified":"2022-03-28T12:29:05","modified_gmt":"2022-03-28T17:29:05","slug":"sistema-de-gestion-de-seguridad-y-salud-en-el-trabajo-para-el-ano-2022","status":"publish","type":"post","link":"https:\/\/www.unica.edu.pe\/noticias\/2022\/03\/24\/sistema-de-gestion-de-seguridad-y-salud-en-el-trabajo-para-el-ano-2022\/","title":{"rendered":"Sistema de Gesti\u00f3n de Seguridad y Salud en el Trabajo para el a\u00f1o 2022"},"content":{"rendered":"\n<p><a href=\"https:\/\/www.facebook.com\/hashtag\/seguridadsaludtrabajo?__eep__=6&amp;__cft__[0]=AZXiSFjwEBGLIt0NW6_mlCTzF_yQ8zCpzAWpOzCWznSmqjXMgcY5OWPTQtfhBiZbdMSnzoMJsdM9o0QL0rZ-ar4rHtcBKr_x7xbSmERiuwZ4SLr4YuHUa1s4d4fQ14lKQcqlTAULicjwnKGEdrMW6yydm0Nq9XqtELrYtb1U_xlESmU6UPAaOLu47lFc0PasjXA&amp;__tn__=*NK-R\">#SeguridadSaludTrabajo<\/a> | La UNICA reafirma su compromiso de prevenci\u00f3n de riesgos laborales, para lo cual establece su pol\u00edtica y objetivos de su Sistema de Gesti\u00f3n de Seguridad y Salud en el Trabajo para el a\u00f1o 2022.<\/p>\n\n\n\n<figure class=\"wp-block-image size-full\"><img loading=\"lazy\" decoding=\"async\" width=\"940\" height=\"788\" src=\"https:\/\/www.unica.edu.pe\/noticias\/wp-content\/uploads\/2022\/03\/189.jpg\" alt=\"\" class=\"wp-image-13658\" srcset=\"https:\/\/www.unica.edu.pe\/noticias\/wp-content\/uploads\/2022\/03\/189.jpg 940w, https:\/\/www.unica.edu.pe\/noticias\/wp-content\/uploads\/2022\/03\/189-300x251.jpg 300w, https:\/\/www.unica.edu.pe\/noticias\/wp-content\/uploads\/2022\/03\/189-768x644.jpg 768w\" sizes=\"auto, (max-width: 767px) 89vw, (max-width: 1000px) 54vw, (max-width: 1071px) 543px, 580px\" \/><\/figure>\n\n\n\n<figure class=\"wp-block-image size-full\"><img loading=\"lazy\" decoding=\"async\" width=\"940\" height=\"788\" src=\"https:\/\/www.unica.edu.pe\/noticias\/wp-content\/uploads\/2022\/03\/190.jpg\" alt=\"\" class=\"wp-image-13659\" srcset=\"https:\/\/www.unica.edu.pe\/noticias\/wp-content\/uploads\/2022\/03\/190.jpg 940w, https:\/\/www.unica.edu.pe\/noticias\/wp-content\/uploads\/2022\/03\/190-300x251.jpg 300w, https:\/\/www.unica.edu.pe\/noticias\/wp-content\/uploads\/2022\/03\/190-768x644.jpg 768w\" sizes=\"auto, (max-width: 767px) 89vw, (max-width: 1000px) 54vw, (max-width: 1071px) 543px, 580px\" \/><\/figure>\n","protected":false},"excerpt":{"rendered":"<p>#SeguridadSaludTrabajo | La UNICA reafirma su compromiso de prevenci\u00f3n de riesgos laborales, para lo cual establece su pol\u00edtica y objetivos de su Sistema de Gesti\u00f3n de Seguridad y Salud en el Trabajo para el a\u00f1o 2022.<\/p>\n","protected":false},"author":1,"featured_media":0,"comment_status":"open","ping_status":"open","sticky":false,"template":"","format":"standard","meta":{"footnotes":""},"categories":[7],"tags":[],"class_list":["post-13657","post","type-post","status-publish","format-standard","hentry","category-noticias"],"_links":{"self":[{"href":"https:\/\/www.unica.edu.pe\/noticias\/wp-json\/wp\/v2\/posts\/13657","targetHints":{"allow":["GET"]}}],"collection":[{"href":"https:\/\/www.unica.edu.pe\/noticias\/wp-json\/wp\/v2\/posts"}],"about":[{"href":"https:\/\/www.unica.edu.pe\/noticias\/wp-json\/wp\/v2\/types\/post"}],"author":[{"embeddable":true,"href":"https:\/\/www.unica.edu.pe\/noticias\/wp-json\/wp\/v2\/users\/1"}],"replies":[{"embeddable":true,"href":"https:\/\/www.unica.edu.pe\/noticias\/wp-json\/wp\/v2\/comments?post=13657"}],"version-history":[{"count":1,"href":"https:\/\/www.unica.edu.pe\/noticias\/wp-json\/wp\/v2\/posts\/13657\/revisions"}],"predecessor-version":[{"id":13660,"href":"https:\/\/www.unica.edu.pe\/noticias\/wp-json\/wp\/v2\/posts\/13657\/revisions\/13660"}],"wp:attachment":[{"href":"https:\/\/www.unica.edu.pe\/noticias\/wp-json\/wp\/v2\/media?parent=13657"}],"wp:term":[{"taxonomy":"category","embeddable":true,"href":"https:\/\/www.unica.edu.pe\/noticias\/wp-json\/wp\/v2\/categories?post=13657"},{"taxonomy":"post_tag","embeddable":true,"href":"https:\/\/www.unica.edu.pe\/noticias\/wp-json\/wp\/v2\/tags?post=13657"}],"curies":[{"name":"wp","href":"https:\/\/api.w.org\/{rel}","templated":true}]}}