{"id":12198,"date":"2021-12-20T16:30:00","date_gmt":"2021-12-20T21:30:00","guid":{"rendered":"https:\/\/www.unica.edu.pe\/noticias\/?p=12198"},"modified":"2021-12-21T10:46:05","modified_gmt":"2021-12-21T15:46:05","slug":"facultad-de-psicologia-envia-saludo-por-el-66-aniversario-institucional","status":"publish","type":"post","link":"https:\/\/www.unica.edu.pe\/noticias\/2021\/12\/20\/facultad-de-psicologia-envia-saludo-por-el-66-aniversario-institucional\/","title":{"rendered":"Facultad de Psicolog\u00eda, env\u00eda saludo por el 66 Aniversario Institucional"},"content":{"rendered":"\n<p>#RumboAlLicenciamiento | \u00a1Aniversario de la UNICA! La decana de la Facultad de Psicolog\u00eda Dra. Luisa Vargas Reyes, env\u00eda su saludo con ocasi\u00f3n del 66\u00b0 Aniversario de creaci\u00f3n de la UNICA.\u00a0<img loading=\"lazy\" decoding=\"async\" height=\"16\" width=\"16\" alt=\"\ud83e\udd1d\" src=\"https:\/\/static.xx.fbcdn.net\/images\/emoji.php\/v9\/t64\/1\/16\/1f91d.png\"><img loading=\"lazy\" decoding=\"async\" height=\"16\" width=\"16\" alt=\"\ud83d\udc4f\" src=\"https:\/\/static.xx.fbcdn.net\/images\/emoji.php\/v9\/tfe\/1\/16\/1f44f.png\"><\/p>\n\n\n\n<figure class=\"wp-block-image size-large\"><img loading=\"lazy\" decoding=\"async\" width=\"989\" height=\"551\" src=\"https:\/\/www.unica.edu.pe\/noticias\/wp-content\/uploads\/2021\/12\/606.jpg\" alt=\"\" class=\"wp-image-12199\" srcset=\"https:\/\/www.unica.edu.pe\/noticias\/wp-content\/uploads\/2021\/12\/606.jpg 989w, https:\/\/www.unica.edu.pe\/noticias\/wp-content\/uploads\/2021\/12\/606-300x167.jpg 300w, https:\/\/www.unica.edu.pe\/noticias\/wp-content\/uploads\/2021\/12\/606-768x428.jpg 768w\" sizes=\"auto, (max-width: 767px) 89vw, (max-width: 1000px) 54vw, (max-width: 1071px) 543px, 580px\" \/><\/figure>\n\n\n\n<p><a href=\"https:\/\/www.facebook.com\/UnicaSLG\/videos\/334629238204987\/\">https:\/\/www.facebook.com\/UnicaSLG\/videos\/334629238204987\/<\/a><\/p>\n","protected":false},"excerpt":{"rendered":"<p>#RumboAlLicenciamiento | \u00a1Aniversario de la UNICA! La decana de la Facultad de Psicolog\u00eda Dra. Luisa Vargas Reyes, env\u00eda su saludo con ocasi\u00f3n del 66\u00b0 Aniversario de creaci\u00f3n de la UNICA.\u00a0 https:\/\/www.facebook.com\/UnicaSLG\/videos\/334629238204987\/<\/p>\n","protected":false},"author":1,"featured_media":0,"comment_status":"open","ping_status":"open","sticky":false,"template":"","format":"standard","meta":{"footnotes":""},"categories":[12,13],"tags":[],"class_list":["post-12198","post","type-post","status-publish","format-standard","hentry","category-aniversarios","category-saludos-institucionales"],"_links":{"self":[{"href":"https:\/\/www.unica.edu.pe\/noticias\/wp-json\/wp\/v2\/posts\/12198","targetHints":{"allow":["GET"]}}],"collection":[{"href":"https:\/\/www.unica.edu.pe\/noticias\/wp-json\/wp\/v2\/posts"}],"about":[{"href":"https:\/\/www.unica.edu.pe\/noticias\/wp-json\/wp\/v2\/types\/post"}],"author":[{"embeddable":true,"href":"https:\/\/www.unica.edu.pe\/noticias\/wp-json\/wp\/v2\/users\/1"}],"replies":[{"embeddable":true,"href":"https:\/\/www.unica.edu.pe\/noticias\/wp-json\/wp\/v2\/comments?post=12198"}],"version-history":[{"count":1,"href":"https:\/\/www.unica.edu.pe\/noticias\/wp-json\/wp\/v2\/posts\/12198\/revisions"}],"predecessor-version":[{"id":12200,"href":"https:\/\/www.unica.edu.pe\/noticias\/wp-json\/wp\/v2\/posts\/12198\/revisions\/12200"}],"wp:attachment":[{"href":"https:\/\/www.unica.edu.pe\/noticias\/wp-json\/wp\/v2\/media?parent=12198"}],"wp:term":[{"taxonomy":"category","embeddable":true,"href":"https:\/\/www.unica.edu.pe\/noticias\/wp-json\/wp\/v2\/categories?post=12198"},{"taxonomy":"post_tag","embeddable":true,"href":"https:\/\/www.unica.edu.pe\/noticias\/wp-json\/wp\/v2\/tags?post=12198"}],"curies":[{"name":"wp","href":"https:\/\/api.w.org\/{rel}","templated":true}]}}