{"id":12167,"date":"2021-12-20T12:40:00","date_gmt":"2021-12-20T17:40:00","guid":{"rendered":"https:\/\/www.unica.edu.pe\/noticias\/?p=12167"},"modified":"2021-12-20T15:20:12","modified_gmt":"2021-12-20T20:20:12","slug":"facultad-de-ingenieria-civil-envia-saludo-por-el-66-aniversario-institucional","status":"publish","type":"post","link":"https:\/\/www.unica.edu.pe\/noticias\/2021\/12\/20\/facultad-de-ingenieria-civil-envia-saludo-por-el-66-aniversario-institucional\/","title":{"rendered":"Facultad de Ingenier\u00eda Civil env\u00eda saludo por el 66 Aniversario Institucional"},"content":{"rendered":"\n<p><a href=\"https:\/\/www.facebook.com\/watch\/hashtag\/rumboallicenciamiento?__eep__=6%2F&amp;__cft__[0]=AZWiKFAPV31uNfkb_k-Ti2iguRDN6V679qEgKRWWs3dtaX47q54fKJBb_VOm9VqVaqEDX0TFHnI_TJOh8yy48olLzZoDRWQF6nNhneUDMIqiHmgtq8CJPIMr4NNg4PkQnBKEMmP6IczIrPeypvvJmCQz1RQx6Q_Tyqz2T5YnMpMocDNV4ZhzXFzj5fRXrPVhg_o&amp;__tn__=*NK-R\">#RumboAlLicenciamiento<\/a>\u00a0| El decano de la Facultad de Ingenier\u00eda Civil Mag. Pedro F\u00e9lix Doroteo Neyra, env\u00eda su saludo con ocasi\u00f3n del 66\u00b0 Aniversario de creaci\u00f3n de la UNICA.\u00a0<img loading=\"lazy\" decoding=\"async\" height=\"16\" width=\"16\" alt=\"\ud83e\udd1d\" src=\"https:\/\/static.xx.fbcdn.net\/images\/emoji.php\/v9\/t64\/1\/16\/1f91d.png\"><img loading=\"lazy\" decoding=\"async\" height=\"16\" width=\"16\" alt=\"\ud83d\udc4f\" src=\"https:\/\/static.xx.fbcdn.net\/images\/emoji.php\/v9\/tfe\/1\/16\/1f44f.png\"><\/p>\n\n\n\n<figure class=\"wp-block-image size-large\"><img loading=\"lazy\" decoding=\"async\" width=\"995\" height=\"514\" src=\"https:\/\/www.unica.edu.pe\/noticias\/wp-content\/uploads\/2021\/12\/599.jpg\" alt=\"\" class=\"wp-image-12168\" srcset=\"https:\/\/www.unica.edu.pe\/noticias\/wp-content\/uploads\/2021\/12\/599.jpg 995w, https:\/\/www.unica.edu.pe\/noticias\/wp-content\/uploads\/2021\/12\/599-300x155.jpg 300w, https:\/\/www.unica.edu.pe\/noticias\/wp-content\/uploads\/2021\/12\/599-768x397.jpg 768w\" sizes=\"auto, (max-width: 767px) 89vw, (max-width: 1000px) 54vw, (max-width: 1071px) 543px, 580px\" \/><\/figure>\n\n\n\n<p><a href=\"https:\/\/www.facebook.com\/UnicaSLG\/videos\/1282542915585416\/\">https:\/\/www.facebook.com\/UnicaSLG\/videos\/1282542915585416\/<\/a><\/p>\n","protected":false},"excerpt":{"rendered":"<p>#RumboAlLicenciamiento\u00a0| El decano de la Facultad de Ingenier\u00eda Civil Mag. Pedro F\u00e9lix Doroteo Neyra, env\u00eda su saludo con ocasi\u00f3n del 66\u00b0 Aniversario de creaci\u00f3n de la UNICA.\u00a0 https:\/\/www.facebook.com\/UnicaSLG\/videos\/1282542915585416\/<\/p>\n","protected":false},"author":1,"featured_media":0,"comment_status":"open","ping_status":"open","sticky":false,"template":"","format":"standard","meta":{"footnotes":""},"categories":[12,13],"tags":[],"class_list":["post-12167","post","type-post","status-publish","format-standard","hentry","category-aniversarios","category-saludos-institucionales"],"_links":{"self":[{"href":"https:\/\/www.unica.edu.pe\/noticias\/wp-json\/wp\/v2\/posts\/12167","targetHints":{"allow":["GET"]}}],"collection":[{"href":"https:\/\/www.unica.edu.pe\/noticias\/wp-json\/wp\/v2\/posts"}],"about":[{"href":"https:\/\/www.unica.edu.pe\/noticias\/wp-json\/wp\/v2\/types\/post"}],"author":[{"embeddable":true,"href":"https:\/\/www.unica.edu.pe\/noticias\/wp-json\/wp\/v2\/users\/1"}],"replies":[{"embeddable":true,"href":"https:\/\/www.unica.edu.pe\/noticias\/wp-json\/wp\/v2\/comments?post=12167"}],"version-history":[{"count":1,"href":"https:\/\/www.unica.edu.pe\/noticias\/wp-json\/wp\/v2\/posts\/12167\/revisions"}],"predecessor-version":[{"id":12169,"href":"https:\/\/www.unica.edu.pe\/noticias\/wp-json\/wp\/v2\/posts\/12167\/revisions\/12169"}],"wp:attachment":[{"href":"https:\/\/www.unica.edu.pe\/noticias\/wp-json\/wp\/v2\/media?parent=12167"}],"wp:term":[{"taxonomy":"category","embeddable":true,"href":"https:\/\/www.unica.edu.pe\/noticias\/wp-json\/wp\/v2\/categories?post=12167"},{"taxonomy":"post_tag","embeddable":true,"href":"https:\/\/www.unica.edu.pe\/noticias\/wp-json\/wp\/v2\/tags?post=12167"}],"curies":[{"name":"wp","href":"https:\/\/api.w.org\/{rel}","templated":true}]}}