{"id":12138,"date":"2021-12-20T10:00:00","date_gmt":"2021-12-20T15:00:00","guid":{"rendered":"https:\/\/www.unica.edu.pe\/noticias\/?p=12138"},"modified":"2021-12-20T15:01:38","modified_gmt":"2021-12-20T20:01:38","slug":"facultad-de-derecho-y-ciencia-politica-envia-saludo-por-el-66-aniversario-institucional","status":"publish","type":"post","link":"https:\/\/www.unica.edu.pe\/noticias\/2021\/12\/20\/facultad-de-derecho-y-ciencia-politica-envia-saludo-por-el-66-aniversario-institucional\/","title":{"rendered":"Facultad de Derecho y Ciencia Pol\u00edtica env\u00eda saludo por el 66 Aniversario Institucional"},"content":{"rendered":"\n<p><a href=\"https:\/\/www.facebook.com\/watch\/hashtag\/rumboallicenciamiento?__eep__=6%2F&amp;__cft__[0]=AZUSkJAefJ9H_ZXinzSrQR06h_gqrHVKoJzYtM9_m52D_qK3UQBx2tObOjqbiz7iGFNRnw70khp1wUTZYfjElmwJLVBgkE9CjfGu180Kb86W-A3GQXzbmJ4p8JQuwgELIJkeheIuHm9_TVAnPxlMc_9dO8npzl8FR45NivYJUCEX8ugBY84qYzDHp92wvVxLdzA&amp;__tn__=*NK-R\">#RumboAlLicenciamiento<\/a>&nbsp;| El decano de la Facultad de Derecho y Ciencia Pol\u00edtica Dr. Carlos Sotelo Donayre, env\u00eda su saludo con ocasi\u00f3n del 66\u00b0 Aniversario de creaci\u00f3n de la UNICA.&nbsp;<img loading=\"lazy\" decoding=\"async\" height=\"16\" width=\"16\" alt=\"\ud83e\udd1d\" src=\"https:\/\/static.xx.fbcdn.net\/images\/emoji.php\/v9\/t64\/1\/16\/1f91d.png\"><img loading=\"lazy\" decoding=\"async\" height=\"16\" width=\"16\" alt=\"\ud83d\udc4f\" src=\"https:\/\/static.xx.fbcdn.net\/images\/emoji.php\/v9\/tfe\/1\/16\/1f44f.png\"><\/p>\n\n\n\n<figure class=\"wp-block-image size-large\"><img loading=\"lazy\" decoding=\"async\" width=\"984\" height=\"551\" src=\"https:\/\/www.unica.edu.pe\/noticias\/wp-content\/uploads\/2021\/12\/591.jpg\" alt=\"\" class=\"wp-image-12139\" srcset=\"https:\/\/www.unica.edu.pe\/noticias\/wp-content\/uploads\/2021\/12\/591.jpg 984w, https:\/\/www.unica.edu.pe\/noticias\/wp-content\/uploads\/2021\/12\/591-300x168.jpg 300w, https:\/\/www.unica.edu.pe\/noticias\/wp-content\/uploads\/2021\/12\/591-768x430.jpg 768w\" sizes=\"auto, (max-width: 767px) 89vw, (max-width: 1000px) 54vw, (max-width: 1071px) 543px, 580px\" \/><\/figure>\n\n\n\n<p><a href=\"https:\/\/www.facebook.com\/UnicaSLG\/videos\/279789754006661\/\">https:\/\/www.facebook.com\/UnicaSLG\/videos\/279789754006661\/<\/a><\/p>\n","protected":false},"excerpt":{"rendered":"<p>#RumboAlLicenciamiento&nbsp;| El decano de la Facultad de Derecho y Ciencia Pol\u00edtica Dr. Carlos Sotelo Donayre, env\u00eda su saludo con ocasi\u00f3n del 66\u00b0 Aniversario de creaci\u00f3n de la UNICA.&nbsp; https:\/\/www.facebook.com\/UnicaSLG\/videos\/279789754006661\/<\/p>\n","protected":false},"author":1,"featured_media":0,"comment_status":"open","ping_status":"open","sticky":false,"template":"","format":"standard","meta":{"footnotes":""},"categories":[12,7,13],"tags":[],"class_list":["post-12138","post","type-post","status-publish","format-standard","hentry","category-aniversarios","category-noticias","category-saludos-institucionales"],"_links":{"self":[{"href":"https:\/\/www.unica.edu.pe\/noticias\/wp-json\/wp\/v2\/posts\/12138","targetHints":{"allow":["GET"]}}],"collection":[{"href":"https:\/\/www.unica.edu.pe\/noticias\/wp-json\/wp\/v2\/posts"}],"about":[{"href":"https:\/\/www.unica.edu.pe\/noticias\/wp-json\/wp\/v2\/types\/post"}],"author":[{"embeddable":true,"href":"https:\/\/www.unica.edu.pe\/noticias\/wp-json\/wp\/v2\/users\/1"}],"replies":[{"embeddable":true,"href":"https:\/\/www.unica.edu.pe\/noticias\/wp-json\/wp\/v2\/comments?post=12138"}],"version-history":[{"count":2,"href":"https:\/\/www.unica.edu.pe\/noticias\/wp-json\/wp\/v2\/posts\/12138\/revisions"}],"predecessor-version":[{"id":12151,"href":"https:\/\/www.unica.edu.pe\/noticias\/wp-json\/wp\/v2\/posts\/12138\/revisions\/12151"}],"wp:attachment":[{"href":"https:\/\/www.unica.edu.pe\/noticias\/wp-json\/wp\/v2\/media?parent=12138"}],"wp:term":[{"taxonomy":"category","embeddable":true,"href":"https:\/\/www.unica.edu.pe\/noticias\/wp-json\/wp\/v2\/categories?post=12138"},{"taxonomy":"post_tag","embeddable":true,"href":"https:\/\/www.unica.edu.pe\/noticias\/wp-json\/wp\/v2\/tags?post=12138"}],"curies":[{"name":"wp","href":"https:\/\/api.w.org\/{rel}","templated":true}]}}