{"id":12124,"date":"2021-12-20T08:00:00","date_gmt":"2021-12-20T13:00:00","guid":{"rendered":"https:\/\/www.unica.edu.pe\/noticias\/?p=12124"},"modified":"2021-12-20T14:12:33","modified_gmt":"2021-12-20T19:12:33","slug":"facultad-de-arquitectura-envia-saludo-por-el-66-aniversario-institucional","status":"publish","type":"post","link":"https:\/\/www.unica.edu.pe\/noticias\/2021\/12\/20\/facultad-de-arquitectura-envia-saludo-por-el-66-aniversario-institucional\/","title":{"rendered":"Facultad de Arquitectura env\u00eda saludo por el  66\u00b0 Aniversario Institucional"},"content":{"rendered":"\n<p><a href=\"https:\/\/www.facebook.com\/watch\/hashtag\/rumboallicenciamiento?__eep__=6%2F&amp;__cft__[0]=AZWZQ1dnFQ1WvTZamM1jknUxsuqc6nbT6BeOzB3u1v93H1LZtctYkDx-0jWairBggmE9KrNxScphvSkbNVBCXKZ5kXUNxlC3DDpqOm9RW00RDPDcygcoCdL5pTauqpuHaqynMYxH-HG_ssAiT8sconHggBniu9jc7dasfdeQGtNyFKQ0pJcezhpobwHqLe-Jaa8&amp;__tn__=*NK-R\">#RumboAlLicenciamiento<\/a>\u00a0| La decana de la Facultad de Arquitectura Dra. Rosario Bendez\u00fa Herencia, env\u00eda su saludo con ocasi\u00f3n del 66\u00b0 Aniversario de creaci\u00f3n de la UNICA.\u00a0<img loading=\"lazy\" decoding=\"async\" height=\"16\" width=\"16\" alt=\"\ud83e\udd1d\" src=\"https:\/\/static.xx.fbcdn.net\/images\/emoji.php\/v9\/t64\/1\/16\/1f91d.png\"><img loading=\"lazy\" decoding=\"async\" height=\"16\" width=\"16\" alt=\"\ud83d\udc4f\" src=\"https:\/\/static.xx.fbcdn.net\/images\/emoji.php\/v9\/tfe\/1\/16\/1f44f.png\"><\/p>\n\n\n\n<figure class=\"wp-block-image size-large\"><img loading=\"lazy\" decoding=\"async\" width=\"991\" height=\"547\" src=\"https:\/\/www.unica.edu.pe\/noticias\/wp-content\/uploads\/2021\/12\/588.jpg\" alt=\"\" class=\"wp-image-12125\" srcset=\"https:\/\/www.unica.edu.pe\/noticias\/wp-content\/uploads\/2021\/12\/588.jpg 991w, https:\/\/www.unica.edu.pe\/noticias\/wp-content\/uploads\/2021\/12\/588-300x166.jpg 300w, https:\/\/www.unica.edu.pe\/noticias\/wp-content\/uploads\/2021\/12\/588-768x424.jpg 768w\" sizes=\"auto, (max-width: 767px) 89vw, (max-width: 1000px) 54vw, (max-width: 1071px) 543px, 580px\" \/><\/figure>\n\n\n\n<p><a href=\"https:\/\/www.facebook.com\/UnicaSLG\/videos\/601609334446851\/\">https:\/\/www.facebook.com\/UnicaSLG\/videos\/601609334446851\/<\/a><\/p>\n","protected":false},"excerpt":{"rendered":"<p>#RumboAlLicenciamiento\u00a0| La decana de la Facultad de Arquitectura Dra. Rosario Bendez\u00fa Herencia, env\u00eda su saludo con ocasi\u00f3n del 66\u00b0 Aniversario de creaci\u00f3n de la UNICA.\u00a0 https:\/\/www.facebook.com\/UnicaSLG\/videos\/601609334446851\/<\/p>\n","protected":false},"author":1,"featured_media":0,"comment_status":"open","ping_status":"open","sticky":false,"template":"","format":"standard","meta":{"footnotes":""},"categories":[12,7,13],"tags":[],"class_list":["post-12124","post","type-post","status-publish","format-standard","hentry","category-aniversarios","category-noticias","category-saludos-institucionales"],"_links":{"self":[{"href":"https:\/\/www.unica.edu.pe\/noticias\/wp-json\/wp\/v2\/posts\/12124","targetHints":{"allow":["GET"]}}],"collection":[{"href":"https:\/\/www.unica.edu.pe\/noticias\/wp-json\/wp\/v2\/posts"}],"about":[{"href":"https:\/\/www.unica.edu.pe\/noticias\/wp-json\/wp\/v2\/types\/post"}],"author":[{"embeddable":true,"href":"https:\/\/www.unica.edu.pe\/noticias\/wp-json\/wp\/v2\/users\/1"}],"replies":[{"embeddable":true,"href":"https:\/\/www.unica.edu.pe\/noticias\/wp-json\/wp\/v2\/comments?post=12124"}],"version-history":[{"count":1,"href":"https:\/\/www.unica.edu.pe\/noticias\/wp-json\/wp\/v2\/posts\/12124\/revisions"}],"predecessor-version":[{"id":12126,"href":"https:\/\/www.unica.edu.pe\/noticias\/wp-json\/wp\/v2\/posts\/12124\/revisions\/12126"}],"wp:attachment":[{"href":"https:\/\/www.unica.edu.pe\/noticias\/wp-json\/wp\/v2\/media?parent=12124"}],"wp:term":[{"taxonomy":"category","embeddable":true,"href":"https:\/\/www.unica.edu.pe\/noticias\/wp-json\/wp\/v2\/categories?post=12124"},{"taxonomy":"post_tag","embeddable":true,"href":"https:\/\/www.unica.edu.pe\/noticias\/wp-json\/wp\/v2\/tags?post=12124"}],"curies":[{"name":"wp","href":"https:\/\/api.w.org\/{rel}","templated":true}]}}