{"id":12109,"date":"2021-12-19T20:45:00","date_gmt":"2021-12-20T01:45:00","guid":{"rendered":"https:\/\/www.unica.edu.pe\/noticias\/?p=12109"},"modified":"2021-12-20T14:16:53","modified_gmt":"2021-12-20T19:16:53","slug":"saludos-66-aniversario-unica-facultad-de-ciencias-de-la-educacion-y-humanidades","status":"publish","type":"post","link":"https:\/\/www.unica.edu.pe\/noticias\/2021\/12\/19\/saludos-66-aniversario-unica-facultad-de-ciencias-de-la-educacion-y-humanidades\/","title":{"rendered":"Facultad de Ciencias de la Educaci\u00f3n y Humanidades env\u00eda saludo por el  66 Aniversario Institucional"},"content":{"rendered":"\n<p>#RumboAlLicenciamiento | El decano de la Facultad de Ciencias de la Educaci\u00f3n y Humanidades Dr. Sim\u00f3n Pelayo Huaman\u00ed Atoccsa, env\u00eda su saludo con ocasi\u00f3n del 66\u00b0 Aniversario de creaci\u00f3n de la UNICA.&nbsp;<img loading=\"lazy\" decoding=\"async\" height=\"16\" width=\"16\" alt=\"\ud83e\udd1d\" src=\"https:\/\/static.xx.fbcdn.net\/images\/emoji.php\/v9\/t64\/1\/16\/1f91d.png\"><img loading=\"lazy\" decoding=\"async\" height=\"16\" width=\"16\" alt=\"\ud83d\udc4f\" src=\"https:\/\/static.xx.fbcdn.net\/images\/emoji.php\/v9\/tfe\/1\/16\/1f44f.png\"><\/p>\n\n\n\n<figure class=\"wp-block-image size-large\"><img loading=\"lazy\" decoding=\"async\" width=\"998\" height=\"510\" src=\"https:\/\/www.unica.edu.pe\/noticias\/wp-content\/uploads\/2021\/12\/584.jpg\" alt=\"\" class=\"wp-image-12110\" srcset=\"https:\/\/www.unica.edu.pe\/noticias\/wp-content\/uploads\/2021\/12\/584.jpg 998w, https:\/\/www.unica.edu.pe\/noticias\/wp-content\/uploads\/2021\/12\/584-300x153.jpg 300w, https:\/\/www.unica.edu.pe\/noticias\/wp-content\/uploads\/2021\/12\/584-768x392.jpg 768w\" sizes=\"auto, (max-width: 767px) 89vw, (max-width: 1000px) 54vw, (max-width: 1071px) 543px, 580px\" \/><\/figure>\n\n\n\n<p><a href=\"https:\/\/www.facebook.com\/UnicaSLG\/videos\/312264447446030\/\">https:\/\/www.facebook.com\/UnicaSLG\/videos\/312264447446030\/<\/a><\/p>\n","protected":false},"excerpt":{"rendered":"<p>#RumboAlLicenciamiento | El decano de la Facultad de Ciencias de la Educaci\u00f3n y Humanidades Dr. Sim\u00f3n Pelayo Huaman\u00ed Atoccsa, env\u00eda su saludo con ocasi\u00f3n del 66\u00b0 Aniversario de creaci\u00f3n de la UNICA.&nbsp; https:\/\/www.facebook.com\/UnicaSLG\/videos\/312264447446030\/<\/p>\n","protected":false},"author":1,"featured_media":0,"comment_status":"open","ping_status":"open","sticky":false,"template":"","format":"standard","meta":{"footnotes":""},"categories":[12,7,13],"tags":[],"class_list":["post-12109","post","type-post","status-publish","format-standard","hentry","category-aniversarios","category-noticias","category-saludos-institucionales"],"_links":{"self":[{"href":"https:\/\/www.unica.edu.pe\/noticias\/wp-json\/wp\/v2\/posts\/12109","targetHints":{"allow":["GET"]}}],"collection":[{"href":"https:\/\/www.unica.edu.pe\/noticias\/wp-json\/wp\/v2\/posts"}],"about":[{"href":"https:\/\/www.unica.edu.pe\/noticias\/wp-json\/wp\/v2\/types\/post"}],"author":[{"embeddable":true,"href":"https:\/\/www.unica.edu.pe\/noticias\/wp-json\/wp\/v2\/users\/1"}],"replies":[{"embeddable":true,"href":"https:\/\/www.unica.edu.pe\/noticias\/wp-json\/wp\/v2\/comments?post=12109"}],"version-history":[{"count":3,"href":"https:\/\/www.unica.edu.pe\/noticias\/wp-json\/wp\/v2\/posts\/12109\/revisions"}],"predecessor-version":[{"id":12127,"href":"https:\/\/www.unica.edu.pe\/noticias\/wp-json\/wp\/v2\/posts\/12109\/revisions\/12127"}],"wp:attachment":[{"href":"https:\/\/www.unica.edu.pe\/noticias\/wp-json\/wp\/v2\/media?parent=12109"}],"wp:term":[{"taxonomy":"category","embeddable":true,"href":"https:\/\/www.unica.edu.pe\/noticias\/wp-json\/wp\/v2\/categories?post=12109"},{"taxonomy":"post_tag","embeddable":true,"href":"https:\/\/www.unica.edu.pe\/noticias\/wp-json\/wp\/v2\/tags?post=12109"}],"curies":[{"name":"wp","href":"https:\/\/api.w.org\/{rel}","templated":true}]}}