{"id":12080,"date":"2021-12-18T10:30:00","date_gmt":"2021-12-18T15:30:00","guid":{"rendered":"https:\/\/www.unica.edu.pe\/noticias\/?p=12080"},"modified":"2021-12-20T10:04:08","modified_gmt":"2021-12-20T15:04:08","slug":"diario-correo-ica-destaca-la-reunion-del-ministro-de-educacion-con-el-rector-de-la-unica","status":"publish","type":"post","link":"https:\/\/www.unica.edu.pe\/noticias\/2021\/12\/18\/diario-correo-ica-destaca-la-reunion-del-ministro-de-educacion-con-el-rector-de-la-unica\/","title":{"rendered":"Diario correo Ica destaca la reuni\u00f3n del ministro de Educaci\u00f3n con el rector de la Unica."},"content":{"rendered":"\n<p><a href=\"https:\/\/www.facebook.com\/hashtag\/difusi%C3%B3n?__eep__=6&amp;__cft__[0]=AZW2HUfEqvziHrClugbnvK_dwHXQ9RoUOXI77hT7VZ_qheCh4RYH0NEC5hH2Xh6cQRmkXEG6b0qkCVU_wuDwJyG7c1QS0JJssrEiDl_HjVEt4NdguW1XZi9Dyfsd1h2zq_5lOYxrZeV9Kmdpx5gnCQkyADOpoMAWKcBI7xQ92GHc0AKR49XM2uXTuE-A-vo70bc&amp;__tn__=*NK-R\">#Difusi\u00f3n<\/a> | El diario correo Ica en su edici\u00f3n de hoy, destaca la reuni\u00f3n del ministro de Educaci\u00f3n Carlos Gallardo G\u00f3mez, con el rector Dr. Anselmo Magallanes Carrillo, estudiantes y decanos de la UNICA.<\/p>\n\n\n\n<figure class=\"wp-block-image size-large\"><img loading=\"lazy\" decoding=\"async\" width=\"870\" height=\"934\" src=\"https:\/\/www.unica.edu.pe\/noticias\/wp-content\/uploads\/2021\/12\/576.jpg\" alt=\"\" class=\"wp-image-12081\" srcset=\"https:\/\/www.unica.edu.pe\/noticias\/wp-content\/uploads\/2021\/12\/576.jpg 870w, https:\/\/www.unica.edu.pe\/noticias\/wp-content\/uploads\/2021\/12\/576-279x300.jpg 279w, https:\/\/www.unica.edu.pe\/noticias\/wp-content\/uploads\/2021\/12\/576-768x824.jpg 768w\" sizes=\"auto, (max-width: 767px) 89vw, (max-width: 1000px) 54vw, (max-width: 1071px) 543px, 580px\" \/><\/figure>\n","protected":false},"excerpt":{"rendered":"<p>#Difusi\u00f3n | El diario correo Ica en su edici\u00f3n de hoy, destaca la reuni\u00f3n del ministro de Educaci\u00f3n Carlos Gallardo G\u00f3mez, con el rector Dr. Anselmo Magallanes Carrillo, estudiantes y decanos de la UNICA.<\/p>\n","protected":false},"author":1,"featured_media":0,"comment_status":"open","ping_status":"open","sticky":false,"template":"","format":"standard","meta":{"footnotes":""},"categories":[7],"tags":[],"class_list":["post-12080","post","type-post","status-publish","format-standard","hentry","category-noticias"],"_links":{"self":[{"href":"https:\/\/www.unica.edu.pe\/noticias\/wp-json\/wp\/v2\/posts\/12080","targetHints":{"allow":["GET"]}}],"collection":[{"href":"https:\/\/www.unica.edu.pe\/noticias\/wp-json\/wp\/v2\/posts"}],"about":[{"href":"https:\/\/www.unica.edu.pe\/noticias\/wp-json\/wp\/v2\/types\/post"}],"author":[{"embeddable":true,"href":"https:\/\/www.unica.edu.pe\/noticias\/wp-json\/wp\/v2\/users\/1"}],"replies":[{"embeddable":true,"href":"https:\/\/www.unica.edu.pe\/noticias\/wp-json\/wp\/v2\/comments?post=12080"}],"version-history":[{"count":1,"href":"https:\/\/www.unica.edu.pe\/noticias\/wp-json\/wp\/v2\/posts\/12080\/revisions"}],"predecessor-version":[{"id":12082,"href":"https:\/\/www.unica.edu.pe\/noticias\/wp-json\/wp\/v2\/posts\/12080\/revisions\/12082"}],"wp:attachment":[{"href":"https:\/\/www.unica.edu.pe\/noticias\/wp-json\/wp\/v2\/media?parent=12080"}],"wp:term":[{"taxonomy":"category","embeddable":true,"href":"https:\/\/www.unica.edu.pe\/noticias\/wp-json\/wp\/v2\/categories?post=12080"},{"taxonomy":"post_tag","embeddable":true,"href":"https:\/\/www.unica.edu.pe\/noticias\/wp-json\/wp\/v2\/tags?post=12080"}],"curies":[{"name":"wp","href":"https:\/\/api.w.org\/{rel}","templated":true}]}}