{"id":12009,"date":"2021-12-16T13:30:00","date_gmt":"2021-12-16T18:30:00","guid":{"rendered":"https:\/\/www.unica.edu.pe\/noticias\/?p=12009"},"modified":"2021-12-16T14:25:27","modified_gmt":"2021-12-16T19:25:27","slug":"en-la-facultad-de-derecho-y-ciencia-politica-cumplieron-con-la-actividad-de-verificacion-realizada-por-sunedu","status":"publish","type":"post","link":"https:\/\/www.unica.edu.pe\/noticias\/2021\/12\/16\/en-la-facultad-de-derecho-y-ciencia-politica-cumplieron-con-la-actividad-de-verificacion-realizada-por-sunedu\/","title":{"rendered":"En la Facultad de Derecho y Ciencia Pol\u00edtica cumplieron con la actividad de verificaci\u00f3n realizada por SUNEDU"},"content":{"rendered":"\n<p><a href=\"https:\/\/www.facebook.com\/hashtag\/rumboallicenciamiento?__eep__=6&amp;__cft__[0]=AZVkocmS0lds7-7EKiWaDqdgH4p_ozc1-Ij64fzVefGevKyinlGGI12488Nbx4fWSjNcQ-vD5tWgXEQB89l1cqPQxoAUhy7AreXctnoWJokxkcyjuhfcZMI2554fYRJ7g5MSJ07peIO1vUb-VLe35rf_uzmoJCRi9cpOEi-ZaYKpooF0ZUOYxmlNgit055z5Tjw&amp;__tn__=*NK-R\">#RumboAlLicenciamiento<\/a> | El decano de la Facultad de Derecho y Ciencia Pol\u00edtica Dr. Carlos Herm\u00f3genes Sotelo Donayre junto a docentes y trabajadores, luego de participar en la actividad de verificaci\u00f3n de las Condiciones B\u00e1sicas de Calidad para lograr el Licenciamiento Institucional.<\/p>\n\n\n\n<figure class=\"wp-block-image size-large\"><img loading=\"lazy\" decoding=\"async\" width=\"1024\" height=\"683\" src=\"https:\/\/www.unica.edu.pe\/noticias\/wp-content\/uploads\/2021\/12\/541-1024x683.jpg\" alt=\"\" class=\"wp-image-12010\" srcset=\"https:\/\/www.unica.edu.pe\/noticias\/wp-content\/uploads\/2021\/12\/541-1024x683.jpg 1024w, https:\/\/www.unica.edu.pe\/noticias\/wp-content\/uploads\/2021\/12\/541-300x200.jpg 300w, https:\/\/www.unica.edu.pe\/noticias\/wp-content\/uploads\/2021\/12\/541-768x512.jpg 768w, https:\/\/www.unica.edu.pe\/noticias\/wp-content\/uploads\/2021\/12\/541-1536x1024.jpg 1536w, https:\/\/www.unica.edu.pe\/noticias\/wp-content\/uploads\/2021\/12\/541.jpg 2040w\" sizes=\"auto, (max-width: 767px) 89vw, (max-width: 1000px) 54vw, (max-width: 1071px) 543px, 580px\" \/><\/figure>\n","protected":false},"excerpt":{"rendered":"<p>#RumboAlLicenciamiento | El decano de la Facultad de Derecho y Ciencia Pol\u00edtica Dr. Carlos Herm\u00f3genes Sotelo Donayre junto a docentes y trabajadores, luego de participar en la actividad de verificaci\u00f3n de las Condiciones B\u00e1sicas de Calidad para lograr el Licenciamiento Institucional.<\/p>\n","protected":false},"author":1,"featured_media":0,"comment_status":"open","ping_status":"open","sticky":false,"template":"","format":"standard","meta":{"footnotes":""},"categories":[7],"tags":[],"class_list":["post-12009","post","type-post","status-publish","format-standard","hentry","category-noticias"],"_links":{"self":[{"href":"https:\/\/www.unica.edu.pe\/noticias\/wp-json\/wp\/v2\/posts\/12009","targetHints":{"allow":["GET"]}}],"collection":[{"href":"https:\/\/www.unica.edu.pe\/noticias\/wp-json\/wp\/v2\/posts"}],"about":[{"href":"https:\/\/www.unica.edu.pe\/noticias\/wp-json\/wp\/v2\/types\/post"}],"author":[{"embeddable":true,"href":"https:\/\/www.unica.edu.pe\/noticias\/wp-json\/wp\/v2\/users\/1"}],"replies":[{"embeddable":true,"href":"https:\/\/www.unica.edu.pe\/noticias\/wp-json\/wp\/v2\/comments?post=12009"}],"version-history":[{"count":1,"href":"https:\/\/www.unica.edu.pe\/noticias\/wp-json\/wp\/v2\/posts\/12009\/revisions"}],"predecessor-version":[{"id":12011,"href":"https:\/\/www.unica.edu.pe\/noticias\/wp-json\/wp\/v2\/posts\/12009\/revisions\/12011"}],"wp:attachment":[{"href":"https:\/\/www.unica.edu.pe\/noticias\/wp-json\/wp\/v2\/media?parent=12009"}],"wp:term":[{"taxonomy":"category","embeddable":true,"href":"https:\/\/www.unica.edu.pe\/noticias\/wp-json\/wp\/v2\/categories?post=12009"},{"taxonomy":"post_tag","embeddable":true,"href":"https:\/\/www.unica.edu.pe\/noticias\/wp-json\/wp\/v2\/tags?post=12009"}],"curies":[{"name":"wp","href":"https:\/\/api.w.org\/{rel}","templated":true}]}}