{"id":11998,"date":"2021-12-15T20:41:13","date_gmt":"2021-12-16T01:41:13","guid":{"rendered":"https:\/\/www.unica.edu.pe\/noticias\/?p=11998"},"modified":"2021-12-15T20:41:13","modified_gmt":"2021-12-16T01:41:13","slug":"en-la-facultad-de-arquitectura-cumplieron-con-la-actividad-de-verificacion-realizada-por-sunedu","status":"publish","type":"post","link":"https:\/\/www.unica.edu.pe\/noticias\/2021\/12\/15\/en-la-facultad-de-arquitectura-cumplieron-con-la-actividad-de-verificacion-realizada-por-sunedu\/","title":{"rendered":"En la Facultad de Arquitectura cumplieron con la actividad de verificaci\u00f3n realizada por SUNEDU"},"content":{"rendered":"\n<p><a href=\"https:\/\/www.facebook.com\/hashtag\/rumboallicenciamiento?__eep__=6&amp;__cft__[0]=AZXbMrGxrpY7saJMEaoDeQQV6TTrJ2vXVCElcPdgDYDpz7lwZQXURemD1yCcBnfO2YqMLiMC1bFWhHg-fTUgYvqmkT8aaGVO5o1BKDBG-TLVRmbpOu9G25d4QvhT_MCu_yNDjxCFvmQfd8DjR59tUCsFngTdQ-LJB24otFuI8oEXQK_0z9L-237U84e8LBs0JH0&amp;__tn__=*NK-R\">#RumboAlLicenciamiento<\/a> | La decana de la Facultad de Arquitectura Dra. Rosario Belermina Bendez\u00fa Herencia junto a docentes y trabajadores, luego de participar en la actividad de verificaci\u00f3n de las Condiciones B\u00e1sicas de Calidad para lograr el Licenciamiento Institucional.<\/p>\n\n\n\n<figure class=\"wp-block-image size-large\"><img loading=\"lazy\" decoding=\"async\" width=\"1024\" height=\"683\" src=\"https:\/\/www.unica.edu.pe\/noticias\/wp-content\/uploads\/2021\/12\/537-1024x683.jpg\" alt=\"\" class=\"wp-image-11999\" srcset=\"https:\/\/www.unica.edu.pe\/noticias\/wp-content\/uploads\/2021\/12\/537-1024x683.jpg 1024w, https:\/\/www.unica.edu.pe\/noticias\/wp-content\/uploads\/2021\/12\/537-300x200.jpg 300w, https:\/\/www.unica.edu.pe\/noticias\/wp-content\/uploads\/2021\/12\/537-768x512.jpg 768w, https:\/\/www.unica.edu.pe\/noticias\/wp-content\/uploads\/2021\/12\/537-1536x1024.jpg 1536w, https:\/\/www.unica.edu.pe\/noticias\/wp-content\/uploads\/2021\/12\/537.jpg 2040w\" sizes=\"auto, (max-width: 767px) 89vw, (max-width: 1000px) 54vw, (max-width: 1071px) 543px, 580px\" \/><\/figure>\n","protected":false},"excerpt":{"rendered":"<p>#RumboAlLicenciamiento | La decana de la Facultad de Arquitectura Dra. Rosario Belermina Bendez\u00fa Herencia junto a docentes y trabajadores, luego de participar en la actividad de verificaci\u00f3n de las Condiciones B\u00e1sicas de Calidad para lograr el Licenciamiento Institucional.<\/p>\n","protected":false},"author":1,"featured_media":0,"comment_status":"open","ping_status":"open","sticky":false,"template":"","format":"standard","meta":{"footnotes":""},"categories":[7],"tags":[],"class_list":["post-11998","post","type-post","status-publish","format-standard","hentry","category-noticias"],"_links":{"self":[{"href":"https:\/\/www.unica.edu.pe\/noticias\/wp-json\/wp\/v2\/posts\/11998","targetHints":{"allow":["GET"]}}],"collection":[{"href":"https:\/\/www.unica.edu.pe\/noticias\/wp-json\/wp\/v2\/posts"}],"about":[{"href":"https:\/\/www.unica.edu.pe\/noticias\/wp-json\/wp\/v2\/types\/post"}],"author":[{"embeddable":true,"href":"https:\/\/www.unica.edu.pe\/noticias\/wp-json\/wp\/v2\/users\/1"}],"replies":[{"embeddable":true,"href":"https:\/\/www.unica.edu.pe\/noticias\/wp-json\/wp\/v2\/comments?post=11998"}],"version-history":[{"count":1,"href":"https:\/\/www.unica.edu.pe\/noticias\/wp-json\/wp\/v2\/posts\/11998\/revisions"}],"predecessor-version":[{"id":12000,"href":"https:\/\/www.unica.edu.pe\/noticias\/wp-json\/wp\/v2\/posts\/11998\/revisions\/12000"}],"wp:attachment":[{"href":"https:\/\/www.unica.edu.pe\/noticias\/wp-json\/wp\/v2\/media?parent=11998"}],"wp:term":[{"taxonomy":"category","embeddable":true,"href":"https:\/\/www.unica.edu.pe\/noticias\/wp-json\/wp\/v2\/categories?post=11998"},{"taxonomy":"post_tag","embeddable":true,"href":"https:\/\/www.unica.edu.pe\/noticias\/wp-json\/wp\/v2\/tags?post=11998"}],"curies":[{"name":"wp","href":"https:\/\/api.w.org\/{rel}","templated":true}]}}