{"id":11380,"date":"2021-11-22T16:10:26","date_gmt":"2021-11-22T21:10:26","guid":{"rendered":"http:\/\/www.unica.edu.pe\/noticias\/?p=11380"},"modified":"2021-11-22T16:10:26","modified_gmt":"2021-11-22T21:10:26","slug":"webinar-impacto-de-las-desigualdades-y-violencias-de-genero-en-estudiantes-de-educacion-superior-y-tecnico-productiva-en-el-contexto-de-pandemia","status":"publish","type":"post","link":"https:\/\/www.unica.edu.pe\/noticias\/2021\/11\/22\/webinar-impacto-de-las-desigualdades-y-violencias-de-genero-en-estudiantes-de-educacion-superior-y-tecnico-productiva-en-el-contexto-de-pandemia\/","title":{"rendered":"Webinar: Impacto de las desigualdades y violencias de g\u00e9nero en estudiantes de educaci\u00f3n superior y t\u00e9cnico-productiva en el contexto de pandemia"},"content":{"rendered":"\n<p><a href=\"https:\/\/www.facebook.com\/hashtag\/minedu?__eep__=6&amp;__cft__[0]=AZVsukqARWUc8qi3CBTsaLA33x2XDb450GqtCu0CQ8a49oTlAYgolYaIcdlWheUNICZpEViiDkzjZAgbyM9kG_r0_zStYDp-ggGJZyGnOwr_fdh6Y33BPeK7uEwAMXn8nqk2kezeTrMuD-yfsLHP7CCCFE9-MHAwuv9GOgSIOTxlWOAaYT6inhs3Ryeb7aJ2QVE&amp;__tn__=*NK-R\">#Minedu<\/a> | Impacto de las desigualdades y violencias de g\u00e9nero en estudiantes de educaci\u00f3n superior y t\u00e9cnico-productiva en el contexto de pandemia.<\/p>\n\n\n\n<p><img loading=\"lazy\" decoding=\"async\" height=\"16\" width=\"16\" alt=\"\ud83d\uddd3\" src=\"https:\/\/static.xx.fbcdn.net\/images\/emoji.php\/v9\/t5c\/1\/16\/1f5d3.png\"> 23 de noviembre de 2021.<\/p>\n\n\n\n<p><img loading=\"lazy\" decoding=\"async\" height=\"16\" width=\"16\" alt=\"\ud83d\udd55\" src=\"https:\/\/static.xx.fbcdn.net\/images\/emoji.php\/v9\/t2d\/1\/16\/1f555.png\"> 6:00 p. m.<\/p>\n\n\n\n<p>Transmisi\u00f3n mediante Facebook: Ministerio de Educaci\u00f3n del Per\u00fa<\/p>\n\n\n\n<p>Reg\u00edstrate aqu\u00ed: <a rel=\"noreferrer noopener\" href=\"https:\/\/bit.ly\/3xeCyV9?fbclid=IwAR3pRaZOE_ojd3YwmbCEJTh34OV0VWGzb02sUfL31OCVRQlyjHvGo2mOmCY\" target=\"_blank\">https:\/\/bit.ly\/3xeCyV9<\/a><\/p>\n\n\n\n<figure class=\"wp-block-image size-large\"><img loading=\"lazy\" decoding=\"async\" width=\"537\" height=\"1024\" src=\"https:\/\/www.unica.edu.pe\/noticias\/wp-content\/uploads\/2021\/11\/unnamed-2-537x1024.png\" alt=\"\" class=\"wp-image-11381\" srcset=\"https:\/\/www.unica.edu.pe\/noticias\/wp-content\/uploads\/2021\/11\/unnamed-2-537x1024.png 537w, https:\/\/www.unica.edu.pe\/noticias\/wp-content\/uploads\/2021\/11\/unnamed-2-157x300.png 157w, https:\/\/www.unica.edu.pe\/noticias\/wp-content\/uploads\/2021\/11\/unnamed-2-768x1466.png 768w, https:\/\/www.unica.edu.pe\/noticias\/wp-content\/uploads\/2021\/11\/unnamed-2-805x1536.png 805w, https:\/\/www.unica.edu.pe\/noticias\/wp-content\/uploads\/2021\/11\/unnamed-2-1073x2048.png 1073w, https:\/\/www.unica.edu.pe\/noticias\/wp-content\/uploads\/2021\/11\/unnamed-2.png 1135w\" sizes=\"auto, (max-width: 537px) 100vw, 537px\" \/><\/figure>\n\n\n\n<figure class=\"wp-block-image size-large\"><img loading=\"lazy\" decoding=\"async\" width=\"1024\" height=\"555\" src=\"https:\/\/www.unica.edu.pe\/noticias\/wp-content\/uploads\/2021\/11\/22-1024x555.png\" alt=\"\" class=\"wp-image-11382\" srcset=\"https:\/\/www.unica.edu.pe\/noticias\/wp-content\/uploads\/2021\/11\/22-1024x555.png 1024w, https:\/\/www.unica.edu.pe\/noticias\/wp-content\/uploads\/2021\/11\/22-300x163.png 300w, https:\/\/www.unica.edu.pe\/noticias\/wp-content\/uploads\/2021\/11\/22-768x416.png 768w, https:\/\/www.unica.edu.pe\/noticias\/wp-content\/uploads\/2021\/11\/22.png 1135w\" sizes=\"auto, (max-width: 767px) 89vw, (max-width: 1000px) 54vw, (max-width: 1071px) 543px, 580px\" \/><\/figure>\n","protected":false},"excerpt":{"rendered":"<p>#Minedu | Impacto de las desigualdades y violencias de g\u00e9nero en estudiantes de educaci\u00f3n superior y t\u00e9cnico-productiva en el contexto de pandemia. 23 de noviembre de 2021. 6:00 p. m. Transmisi\u00f3n mediante Facebook: Ministerio de Educaci\u00f3n del Per\u00fa Reg\u00edstrate aqu\u00ed: https:\/\/bit.ly\/3xeCyV9<\/p>\n","protected":false},"author":1,"featured_media":0,"comment_status":"open","ping_status":"open","sticky":false,"template":"","format":"standard","meta":{"footnotes":""},"categories":[1],"tags":[],"class_list":["post-11380","post","type-post","status-publish","format-standard","hentry","category-sin-categoria"],"_links":{"self":[{"href":"https:\/\/www.unica.edu.pe\/noticias\/wp-json\/wp\/v2\/posts\/11380","targetHints":{"allow":["GET"]}}],"collection":[{"href":"https:\/\/www.unica.edu.pe\/noticias\/wp-json\/wp\/v2\/posts"}],"about":[{"href":"https:\/\/www.unica.edu.pe\/noticias\/wp-json\/wp\/v2\/types\/post"}],"author":[{"embeddable":true,"href":"https:\/\/www.unica.edu.pe\/noticias\/wp-json\/wp\/v2\/users\/1"}],"replies":[{"embeddable":true,"href":"https:\/\/www.unica.edu.pe\/noticias\/wp-json\/wp\/v2\/comments?post=11380"}],"version-history":[{"count":1,"href":"https:\/\/www.unica.edu.pe\/noticias\/wp-json\/wp\/v2\/posts\/11380\/revisions"}],"predecessor-version":[{"id":11383,"href":"https:\/\/www.unica.edu.pe\/noticias\/wp-json\/wp\/v2\/posts\/11380\/revisions\/11383"}],"wp:attachment":[{"href":"https:\/\/www.unica.edu.pe\/noticias\/wp-json\/wp\/v2\/media?parent=11380"}],"wp:term":[{"taxonomy":"category","embeddable":true,"href":"https:\/\/www.unica.edu.pe\/noticias\/wp-json\/wp\/v2\/categories?post=11380"},{"taxonomy":"post_tag","embeddable":true,"href":"https:\/\/www.unica.edu.pe\/noticias\/wp-json\/wp\/v2\/tags?post=11380"}],"curies":[{"name":"wp","href":"https:\/\/api.w.org\/{rel}","templated":true}]}}