{"id":11159,"date":"2021-11-04T15:00:00","date_gmt":"2021-11-04T20:00:00","guid":{"rendered":"http:\/\/www.unica.edu.pe\/noticias\/?p=11159"},"modified":"2021-11-04T20:54:24","modified_gmt":"2021-11-05T01:54:24","slug":"se-inauguro-el-vi-congreso-internacional-y-ix-congreso-nacional-de-investigacion-coninti-2021","status":"publish","type":"post","link":"https:\/\/www.unica.edu.pe\/noticias\/2021\/11\/04\/se-inauguro-el-vi-congreso-internacional-y-ix-congreso-nacional-de-investigacion-coninti-2021\/","title":{"rendered":"Se inaugur\u00f3 el VI Congreso Internacional y IX Congreso Nacional de Investigaci\u00f3n CONINTI 2021"},"content":{"rendered":"\n<p><a href=\"https:\/\/www.facebook.com\/hashtag\/coninti?__eep__=6&amp;__cft__[0]=AZVoWc0uYMWyOf0-tespFmaYJAbfuIvaBN-242bmOVYlJm2QNwJOBXgWhiChzkMp0jdRCwjcu4_ti5sJv6TzfN_EzhQrPVExyRAz_W9ncfkiCefxkDxwcMDlaHEAIAXiKhjEJB8_5ZKtNvbiKWnQOSurlNF1wCv_iXZvfGNizIq3J7yr6xZOFJeLoOcSScgxeN4&amp;__tn__=*NK-R\">#CONINTI<\/a> | El Vicerrectorado de Investigaci\u00f3n, inaugur\u00f3 el VI Congreso Internacional y IX Congreso Nacional de Investigaci\u00f3n CONINTI 2021 en la cual participar\u00e1n expositores del \u00e1mbito nacional e internacional.Con la CONINTI, se busca contribuir con el desarrollo de las habilidades en la presentaci\u00f3n de comunicaciones tipo art\u00edculo cient\u00edfico; asimismo contribuir\u00e1 en la adquisici\u00f3n de nuevos conocimientos y experiencias en los diversos campos de la investigaci\u00f3n y el intercambio de experiencias con otros investigadores. <\/p>\n\n\n\n<p>En el acto inaugural el rector de la UNICA, Dr. Anselmo Magallanes Carrillo, indic\u00f3 que, \u201cen el evento se van a exponer trabajos de investigaci\u00f3n que se est\u00e1n realizando en nuestra universidad\u201d.<\/p>\n\n\n\n<figure class=\"wp-block-image size-large\"><img loading=\"lazy\" decoding=\"async\" width=\"1024\" height=\"682\" src=\"https:\/\/www.unica.edu.pe\/noticias\/wp-content\/uploads\/2021\/11\/245842282_4501201896623654_6177331582703567620_n-1024x682.jpg\" alt=\"\" class=\"wp-image-11160\" srcset=\"https:\/\/www.unica.edu.pe\/noticias\/wp-content\/uploads\/2021\/11\/245842282_4501201896623654_6177331582703567620_n-1024x682.jpg 1024w, https:\/\/www.unica.edu.pe\/noticias\/wp-content\/uploads\/2021\/11\/245842282_4501201896623654_6177331582703567620_n-300x200.jpg 300w, https:\/\/www.unica.edu.pe\/noticias\/wp-content\/uploads\/2021\/11\/245842282_4501201896623654_6177331582703567620_n-768x512.jpg 768w, https:\/\/www.unica.edu.pe\/noticias\/wp-content\/uploads\/2021\/11\/245842282_4501201896623654_6177331582703567620_n.jpg 1280w\" sizes=\"auto, (max-width: 767px) 89vw, (max-width: 1000px) 54vw, (max-width: 1071px) 543px, 580px\" \/><\/figure>\n\n\n\n<figure class=\"wp-block-image size-large\"><img loading=\"lazy\" decoding=\"async\" width=\"1024\" height=\"682\" src=\"https:\/\/www.unica.edu.pe\/noticias\/wp-content\/uploads\/2021\/11\/248713107_4501201876623656_4713198579134763972_n-1024x682.jpg\" alt=\"\" class=\"wp-image-11161\" srcset=\"https:\/\/www.unica.edu.pe\/noticias\/wp-content\/uploads\/2021\/11\/248713107_4501201876623656_4713198579134763972_n-1024x682.jpg 1024w, https:\/\/www.unica.edu.pe\/noticias\/wp-content\/uploads\/2021\/11\/248713107_4501201876623656_4713198579134763972_n-300x200.jpg 300w, https:\/\/www.unica.edu.pe\/noticias\/wp-content\/uploads\/2021\/11\/248713107_4501201876623656_4713198579134763972_n-768x512.jpg 768w, https:\/\/www.unica.edu.pe\/noticias\/wp-content\/uploads\/2021\/11\/248713107_4501201876623656_4713198579134763972_n.jpg 1280w\" sizes=\"auto, (max-width: 767px) 89vw, (max-width: 1000px) 54vw, (max-width: 1071px) 543px, 580px\" \/><\/figure>\n\n\n\n<figure class=\"wp-block-image size-large\"><img loading=\"lazy\" decoding=\"async\" width=\"1024\" height=\"682\" src=\"https:\/\/www.unica.edu.pe\/noticias\/wp-content\/uploads\/2021\/11\/252917677_4501201916623652_1571774103469504242_n-1024x682.jpg\" alt=\"\" class=\"wp-image-11162\" srcset=\"https:\/\/www.unica.edu.pe\/noticias\/wp-content\/uploads\/2021\/11\/252917677_4501201916623652_1571774103469504242_n-1024x682.jpg 1024w, https:\/\/www.unica.edu.pe\/noticias\/wp-content\/uploads\/2021\/11\/252917677_4501201916623652_1571774103469504242_n-300x200.jpg 300w, https:\/\/www.unica.edu.pe\/noticias\/wp-content\/uploads\/2021\/11\/252917677_4501201916623652_1571774103469504242_n-768x512.jpg 768w, https:\/\/www.unica.edu.pe\/noticias\/wp-content\/uploads\/2021\/11\/252917677_4501201916623652_1571774103469504242_n.jpg 1280w\" sizes=\"auto, (max-width: 767px) 89vw, (max-width: 1000px) 54vw, (max-width: 1071px) 543px, 580px\" \/><\/figure>\n\n\n\n<figure class=\"wp-block-image size-large\"><img loading=\"lazy\" decoding=\"async\" width=\"1024\" height=\"682\" src=\"https:\/\/www.unica.edu.pe\/noticias\/wp-content\/uploads\/2021\/11\/252917677_4501201916623652_1571774103469504244_n-1024x682.jpg\" alt=\"\" class=\"wp-image-11163\" srcset=\"https:\/\/www.unica.edu.pe\/noticias\/wp-content\/uploads\/2021\/11\/252917677_4501201916623652_1571774103469504244_n-1024x682.jpg 1024w, https:\/\/www.unica.edu.pe\/noticias\/wp-content\/uploads\/2021\/11\/252917677_4501201916623652_1571774103469504244_n-300x200.jpg 300w, https:\/\/www.unica.edu.pe\/noticias\/wp-content\/uploads\/2021\/11\/252917677_4501201916623652_1571774103469504244_n-768x512.jpg 768w, https:\/\/www.unica.edu.pe\/noticias\/wp-content\/uploads\/2021\/11\/252917677_4501201916623652_1571774103469504244_n.jpg 1280w\" sizes=\"auto, (max-width: 767px) 89vw, (max-width: 1000px) 54vw, (max-width: 1071px) 543px, 580px\" \/><\/figure>\n","protected":false},"excerpt":{"rendered":"<p>#CONINTI | El Vicerrectorado de Investigaci\u00f3n, inaugur\u00f3 el VI Congreso Internacional y IX Congreso Nacional de Investigaci\u00f3n CONINTI 2021 en la cual participar\u00e1n expositores del \u00e1mbito nacional e internacional.Con la CONINTI, se busca contribuir con el desarrollo de las habilidades en la presentaci\u00f3n de comunicaciones tipo art\u00edculo cient\u00edfico; asimismo contribuir\u00e1 en la adquisici\u00f3n de nuevos &hellip; <\/p>\n<p class=\"link-more\"><a href=\"https:\/\/www.unica.edu.pe\/noticias\/2021\/11\/04\/se-inauguro-el-vi-congreso-internacional-y-ix-congreso-nacional-de-investigacion-coninti-2021\/\" class=\"more-link\">Continuar leyendo<span class=\"screen-reader-text\"> \u00abSe inaugur\u00f3 el VI Congreso Internacional y IX Congreso Nacional de Investigaci\u00f3n CONINTI 2021\u00bb<\/span><\/a><\/p>\n","protected":false},"author":1,"featured_media":0,"comment_status":"open","ping_status":"open","sticky":false,"template":"","format":"standard","meta":{"footnotes":""},"categories":[7],"tags":[],"class_list":["post-11159","post","type-post","status-publish","format-standard","hentry","category-noticias"],"_links":{"self":[{"href":"https:\/\/www.unica.edu.pe\/noticias\/wp-json\/wp\/v2\/posts\/11159","targetHints":{"allow":["GET"]}}],"collection":[{"href":"https:\/\/www.unica.edu.pe\/noticias\/wp-json\/wp\/v2\/posts"}],"about":[{"href":"https:\/\/www.unica.edu.pe\/noticias\/wp-json\/wp\/v2\/types\/post"}],"author":[{"embeddable":true,"href":"https:\/\/www.unica.edu.pe\/noticias\/wp-json\/wp\/v2\/users\/1"}],"replies":[{"embeddable":true,"href":"https:\/\/www.unica.edu.pe\/noticias\/wp-json\/wp\/v2\/comments?post=11159"}],"version-history":[{"count":1,"href":"https:\/\/www.unica.edu.pe\/noticias\/wp-json\/wp\/v2\/posts\/11159\/revisions"}],"predecessor-version":[{"id":11164,"href":"https:\/\/www.unica.edu.pe\/noticias\/wp-json\/wp\/v2\/posts\/11159\/revisions\/11164"}],"wp:attachment":[{"href":"https:\/\/www.unica.edu.pe\/noticias\/wp-json\/wp\/v2\/media?parent=11159"}],"wp:term":[{"taxonomy":"category","embeddable":true,"href":"https:\/\/www.unica.edu.pe\/noticias\/wp-json\/wp\/v2\/categories?post=11159"},{"taxonomy":"post_tag","embeddable":true,"href":"https:\/\/www.unica.edu.pe\/noticias\/wp-json\/wp\/v2\/tags?post=11159"}],"curies":[{"name":"wp","href":"https:\/\/api.w.org\/{rel}","templated":true}]}}