{"id":11114,"date":"2021-11-03T08:00:00","date_gmt":"2021-11-03T13:00:00","guid":{"rendered":"http:\/\/www.unica.edu.pe\/noticias\/?p=11114"},"modified":"2021-11-03T10:23:50","modified_gmt":"2021-11-03T15:23:50","slug":"horario-del-seminario-de-responsabilidad-social-universitaria","status":"publish","type":"post","link":"https:\/\/www.unica.edu.pe\/noticias\/2021\/11\/03\/horario-del-seminario-de-responsabilidad-social-universitaria\/","title":{"rendered":"Horario del SEMINARIO DE RESPONSABILIDAD SOCIAL UNIVERSITARIA"},"content":{"rendered":"\n<p><a href=\"https:\/\/www.facebook.com\/hashtag\/capacitaci%C3%B3n?__eep__=6&amp;__cft__[0]=AZWmq4lYG9maNg33tBNs65TnDWBtzEocMUtPE4rjrKZHzLYYNSEV2TDstIc5byYJCCYZMQpasK-GN-JQMkKNjhHY9YPO8dI4l2MP0lM_AYsc9zINLA3wUdPITSPmudsA_fbwPxl3HbEx0o9OlJatyj7Eo5cZzOfJqjoM1652DlzFBK4oFA4vzE-jGsRkggqT_xA&amp;__tn__=*NK-R\">#Capacitaci\u00f3n<\/a> | Por motivo de realizarse el CONINTI, el d\u00eda s\u00e1bado 06 de noviembre, el horario del SEMINARIO DE RESPONSABILIDAD SOCIAL UNIVERSITARIA queda establecido de la siguiente manera: a las <\/p>\n\n\n\n<p>2.00 p.m. \u00c1REA DE CIENCIAS SOCIALES Y HUMANIDADES, <\/p>\n\n\n\n<p>4.30 p.m. \u00c1REA DE CIENCIAS E INGENIER\u00cdAS y <\/p>\n\n\n\n<p>7.00 p.m. \u00c1REA DE CIENCIAS DE LA SALUD.<\/p>\n\n\n\n<figure class=\"wp-block-image size-large\"><img loading=\"lazy\" decoding=\"async\" width=\"724\" height=\"1024\" src=\"https:\/\/www.unica.edu.pe\/noticias\/wp-content\/uploads\/2021\/11\/252851630_4496223983788112_9044374801882812254_n-724x1024.jpg\" alt=\"\" class=\"wp-image-11115\" srcset=\"https:\/\/www.unica.edu.pe\/noticias\/wp-content\/uploads\/2021\/11\/252851630_4496223983788112_9044374801882812254_n-724x1024.jpg 724w, https:\/\/www.unica.edu.pe\/noticias\/wp-content\/uploads\/2021\/11\/252851630_4496223983788112_9044374801882812254_n-212x300.jpg 212w, https:\/\/www.unica.edu.pe\/noticias\/wp-content\/uploads\/2021\/11\/252851630_4496223983788112_9044374801882812254_n-768x1086.jpg 768w, https:\/\/www.unica.edu.pe\/noticias\/wp-content\/uploads\/2021\/11\/252851630_4496223983788112_9044374801882812254_n-1086x1536.jpg 1086w, https:\/\/www.unica.edu.pe\/noticias\/wp-content\/uploads\/2021\/11\/252851630_4496223983788112_9044374801882812254_n.jpg 1414w\" sizes=\"auto, (max-width: 724px) 100vw, 724px\" \/><\/figure>\n","protected":false},"excerpt":{"rendered":"<p>#Capacitaci\u00f3n | Por motivo de realizarse el CONINTI, el d\u00eda s\u00e1bado 06 de noviembre, el horario del SEMINARIO DE RESPONSABILIDAD SOCIAL UNIVERSITARIA queda establecido de la siguiente manera: a las 2.00 p.m. \u00c1REA DE CIENCIAS SOCIALES Y HUMANIDADES, 4.30 p.m. \u00c1REA DE CIENCIAS E INGENIER\u00cdAS y 7.00 p.m. \u00c1REA DE CIENCIAS DE LA SALUD.<\/p>\n","protected":false},"author":1,"featured_media":0,"comment_status":"open","ping_status":"open","sticky":false,"template":"","format":"standard","meta":{"footnotes":""},"categories":[7],"tags":[],"class_list":["post-11114","post","type-post","status-publish","format-standard","hentry","category-noticias"],"_links":{"self":[{"href":"https:\/\/www.unica.edu.pe\/noticias\/wp-json\/wp\/v2\/posts\/11114","targetHints":{"allow":["GET"]}}],"collection":[{"href":"https:\/\/www.unica.edu.pe\/noticias\/wp-json\/wp\/v2\/posts"}],"about":[{"href":"https:\/\/www.unica.edu.pe\/noticias\/wp-json\/wp\/v2\/types\/post"}],"author":[{"embeddable":true,"href":"https:\/\/www.unica.edu.pe\/noticias\/wp-json\/wp\/v2\/users\/1"}],"replies":[{"embeddable":true,"href":"https:\/\/www.unica.edu.pe\/noticias\/wp-json\/wp\/v2\/comments?post=11114"}],"version-history":[{"count":1,"href":"https:\/\/www.unica.edu.pe\/noticias\/wp-json\/wp\/v2\/posts\/11114\/revisions"}],"predecessor-version":[{"id":11116,"href":"https:\/\/www.unica.edu.pe\/noticias\/wp-json\/wp\/v2\/posts\/11114\/revisions\/11116"}],"wp:attachment":[{"href":"https:\/\/www.unica.edu.pe\/noticias\/wp-json\/wp\/v2\/media?parent=11114"}],"wp:term":[{"taxonomy":"category","embeddable":true,"href":"https:\/\/www.unica.edu.pe\/noticias\/wp-json\/wp\/v2\/categories?post=11114"},{"taxonomy":"post_tag","embeddable":true,"href":"https:\/\/www.unica.edu.pe\/noticias\/wp-json\/wp\/v2\/tags?post=11114"}],"curies":[{"name":"wp","href":"https:\/\/api.w.org\/{rel}","templated":true}]}}