{"id":10099,"date":"2021-06-30T10:26:56","date_gmt":"2021-06-30T15:26:56","guid":{"rendered":"http:\/\/www.unica.edu.pe\/noticias\/?p=10099"},"modified":"2021-06-30T10:26:56","modified_gmt":"2021-06-30T15:26:56","slug":"i-congreso-internacional-de-etno-y-arqueomusicologia","status":"publish","type":"post","link":"https:\/\/www.unica.edu.pe\/noticias\/2021\/06\/30\/i-congreso-internacional-de-etno-y-arqueomusicologia\/","title":{"rendered":"I CONGRESO INTERNACIONAL DE ETNO Y ARQUEOMUSICOLOG\u00cdA"},"content":{"rendered":"\n<p> I Congreso Internacional de Etno y Arqueomusicolog\u00eda (Hacia un paradigma interdisciplinario en Am\u00e9rica), el cual se llevar\u00e1 a cabo los d\u00edas 15, 16 y 17 de julio del presente a\u00f1o.<\/p>\n\n\n\n<p><img loading=\"lazy\" decoding=\"async\" height=\"16\" width=\"16\" alt=\"\u270d\ud83c\udffb\" src=\"https:\/\/static.xx.fbcdn.net\/images\/emoji.php\/v9\/tdd\/1\/16\/270d_1f3fb.png\"> Link de inscripci\u00f3n: <a rel=\"noreferrer noopener\" href=\"https:\/\/l.facebook.com\/l.php?u=https%3A%2F%2Fbit.ly%2F3jqk4Mt%3Ffbclid%3DIwAR1w8HwhcCBfpVY35J1zRbNcTBv84a8bK5S7ic-GKux8b_38-5M53hVuJRo&amp;h=AT1-E0A1UQorDCeKHGje4Mj2X4V-FmcE49xYnx4Pf5Sr0bVLTmolqXha-DzBlmw4pt0Vi9d8lbhiUT3FJzWsyjVJOCpoRwliJYcIFqYFeeC_V_4WEQEYvnaSRfv_wWcFeZ-RTLZ9FHrSXtpPzg&amp;__tn__=-UK-R&amp;c[0]=AT2XvPN7uYbE0vunUqY3SqS50365_CmYWyRVrBWnH7q4Iduzz2wt5OAWn9GmY8EHSv7OLg0gYpHrskzLE1l_SeWXrnkd4b_juD7bidwOuMHXWVrgut9nzbKduA2gNv2cl9qOGDq0XoPg26lRWDZsD50aKPANSsBvpnLd2xUUeIEDFy3f9w1KDhGzybYPqOBg5R0piV0\" target=\"_blank\">https:\/\/bit.ly\/3jqk4Mt<\/a><\/p>\n\n\n\n<figure class=\"wp-block-image size-large\"><img loading=\"lazy\" decoding=\"async\" width=\"669\" height=\"841\" src=\"https:\/\/www.unica.edu.pe\/noticias\/wp-content\/uploads\/2021\/06\/unnamed-1.png\" alt=\"\" class=\"wp-image-10100\" srcset=\"https:\/\/www.unica.edu.pe\/noticias\/wp-content\/uploads\/2021\/06\/unnamed-1.png 669w, https:\/\/www.unica.edu.pe\/noticias\/wp-content\/uploads\/2021\/06\/unnamed-1-239x300.png 239w\" sizes=\"auto, (max-width: 669px) 100vw, 669px\" \/><\/figure>\n\n\n\n<figure class=\"wp-block-image size-large\"><img loading=\"lazy\" decoding=\"async\" width=\"669\" height=\"433\" src=\"https:\/\/www.unica.edu.pe\/noticias\/wp-content\/uploads\/2021\/06\/111.png\" alt=\"\" class=\"wp-image-10101\" srcset=\"https:\/\/www.unica.edu.pe\/noticias\/wp-content\/uploads\/2021\/06\/111.png 669w, https:\/\/www.unica.edu.pe\/noticias\/wp-content\/uploads\/2021\/06\/111-300x194.png 300w\" sizes=\"auto, (max-width: 669px) 100vw, 669px\" \/><\/figure>\n","protected":false},"excerpt":{"rendered":"<p>I Congreso Internacional de Etno y Arqueomusicolog\u00eda (Hacia un paradigma interdisciplinario en Am\u00e9rica), el cual se llevar\u00e1 a cabo los d\u00edas 15, 16 y 17 de julio del presente a\u00f1o. Link de inscripci\u00f3n: https:\/\/bit.ly\/3jqk4Mt<\/p>\n","protected":false},"author":1,"featured_media":0,"comment_status":"open","ping_status":"open","sticky":false,"template":"","format":"standard","meta":{"footnotes":""},"categories":[1],"tags":[],"class_list":["post-10099","post","type-post","status-publish","format-standard","hentry","category-sin-categoria"],"_links":{"self":[{"href":"https:\/\/www.unica.edu.pe\/noticias\/wp-json\/wp\/v2\/posts\/10099","targetHints":{"allow":["GET"]}}],"collection":[{"href":"https:\/\/www.unica.edu.pe\/noticias\/wp-json\/wp\/v2\/posts"}],"about":[{"href":"https:\/\/www.unica.edu.pe\/noticias\/wp-json\/wp\/v2\/types\/post"}],"author":[{"embeddable":true,"href":"https:\/\/www.unica.edu.pe\/noticias\/wp-json\/wp\/v2\/users\/1"}],"replies":[{"embeddable":true,"href":"https:\/\/www.unica.edu.pe\/noticias\/wp-json\/wp\/v2\/comments?post=10099"}],"version-history":[{"count":1,"href":"https:\/\/www.unica.edu.pe\/noticias\/wp-json\/wp\/v2\/posts\/10099\/revisions"}],"predecessor-version":[{"id":10102,"href":"https:\/\/www.unica.edu.pe\/noticias\/wp-json\/wp\/v2\/posts\/10099\/revisions\/10102"}],"wp:attachment":[{"href":"https:\/\/www.unica.edu.pe\/noticias\/wp-json\/wp\/v2\/media?parent=10099"}],"wp:term":[{"taxonomy":"category","embeddable":true,"href":"https:\/\/www.unica.edu.pe\/noticias\/wp-json\/wp\/v2\/categories?post=10099"},{"taxonomy":"post_tag","embeddable":true,"href":"https:\/\/www.unica.edu.pe\/noticias\/wp-json\/wp\/v2\/tags?post=10099"}],"curies":[{"name":"wp","href":"https:\/\/api.w.org\/{rel}","templated":true}]}}